{"id":3608,"date":"2021-02-27T18:36:08","date_gmt":"2021-02-27T16:36:08","guid":{"rendered":"https:\/\/blog.atlant.is\/?p=3608"},"modified":"2021-03-01T14:56:41","modified_gmt":"2021-03-01T12:56:41","slug":"la-pensee-en-mouvement","status":"publish","type":"post","link":"https:\/\/blog.douzeb.is\/?p=3608","title":{"rendered":"La pens\u00e9e en mouvement"},"content":{"rendered":"\n<div class=\"wp-block-image\"><figure class=\"aligncenter size-large\"><img decoding=\"async\" loading=\"lazy\" width=\"460\" height=\"306\" src=\"https:\/\/blog.atlant.is\/wp-content\/uploads\/2021\/02\/alain-connes.jpg\" alt=\"\" class=\"wp-image-3609\" srcset=\"https:\/\/blog.douzeb.is\/wp-content\/uploads\/2021\/02\/alain-connes.jpg 460w, https:\/\/blog.douzeb.is\/wp-content\/uploads\/2021\/02\/alain-connes-300x200.jpg 300w\" sizes=\"(max-width: 460px) 100vw, 460px\" \/><figcaption>Alain Connes<\/figcaption><\/figure><\/div>\n\n\n\n<p><a href=\"https:\/\/www.youtube.com\/watch?v=qrpp1Mh8EDo\">Les Math\u00e9matiques et la pens\u00e9e en mouvement<\/a> : une belle conf\u00e9rence d&rsquo;Alain Connes.<\/p>\n\n\n\n<!--more-->\n\n\n\n<div class=\"arve wp-block-nextgenthemes-arve\" data-mode=\"normal\" data-oembed=\"1\" data-provider=\"youtube\" id=\"arve-youtube-qrpp1mh8edo69f4dea630ea1261826810\">\n<span class=\"arve-inner\">\n<span class=\"arve-embed arve-embed--has-aspect-ratio\" style=\"aspect-ratio: 500 \/ 281\">\n<span class=\"arve-ar\" style=\"padding-top:56.200000%\"><\/span><iframe allow=\"accelerometer; autoplay; clipboard-write; encrypted-media; gyroscope; picture-in-picture\" allowfullscreen class=\"arve-iframe fitvidsignore\" data-arve=\"arve-youtube-qrpp1mh8edo69f4dea630ea1261826810\" data-src-no-ap=\"https:\/\/www.youtube.com\/embed\/qrpp1Mh8EDo?feature=oembed&amp;iv_load_policy=3&amp;modestbranding=1&amp;rel=0&amp;autohide=1&amp;playsinline=0&amp;autoplay=0\" frameborder=\"0\" height=\"0\" sandbox=\"allow-scripts allow-same-origin allow-presentation allow-popups allow-popups-to-escape-sandbox\" scrolling=\"no\" src=\"https:\/\/www.youtube.com\/embed\/qrpp1Mh8EDo?feature=oembed&#038;iv_load_policy=3&#038;modestbranding=1&#038;rel=0&#038;autohide=1&#038;playsinline=0&#038;autoplay=0\"><\/iframe>\n\n<\/span>\n\n<\/span>\n<script type=\"application\/ld+json\">{\"@context\":\"http:\\\/\\\/schema.org\\\/\",\"@id\":\"https:\\\/\\\/blog.douzeb.is\\\/?p=3608#arve-youtube-qrpp1mh8edo69f4dea630ea1261826810\",\"type\":\"VideoObject\",\"embedURL\":\"https:\\\/\\\/www.youtube.com\\\/embed\\\/qrpp1Mh8EDo?feature=oembed&iv_load_policy=3&modestbranding=1&rel=0&autohide=1&playsinline=0&autoplay=0\"}<\/script>\n<\/div>\n\n\n\n\n<p>Sans compter une bonne tranche de rigolade !<span id='easy-footnote-1-3608' class='easy-footnote-margin-adjust'><\/span><span class='easy-footnote'><a href='https:\/\/blog.douzeb.is\/?p=3608#easy-footnote-bottom-1-3608' title='Vous connaissez l&amp;rsquo;histoire du camion qui transportait des trous ?&amp;#8230;Non ? Vous ne connaissez pas ?&amp;#8230; Il \u00e9tait en montagne, puis \u00e0 un moment donn\u00e9 le chauffeur il s&amp;rsquo;est senti plus lourd ; il a recul\u00e9 il est tomb\u00e9 dans le trou&amp;#8230; d&amp;rsquo;accord \ud83d\ude01 &amp;#8212; 32min 30s'><sup>1<\/sup><\/a><\/span><\/p>\n","protected":false},"excerpt":{"rendered":"<p>Les Math\u00e9matiques et la pens\u00e9e en mouvement : une belle conf\u00e9rence d&rsquo;Alain Connes.<\/p>\n","protected":false},"author":1,"featured_media":3609,"comment_status":"open","ping_status":"open","sticky":false,"template":"","format":"standard","meta":[],"categories":[12,19],"tags":[],"ppma_author":[76],"authors":[{"term_id":76,"user_id":1,"is_guest":0,"slug":"fred","display_name":"Fred","avatar_url":"https:\/\/secure.gravatar.com\/avatar\/ec0326d654fdf9f66e9eb42bb34a9bc4?s=96&d=mm&r=g","description":"","first_name":"","last_name":"","user_url":""}],"_links":{"self":[{"href":"https:\/\/blog.douzeb.is\/index.php?rest_route=\/wp\/v2\/posts\/3608"}],"collection":[{"href":"https:\/\/blog.douzeb.is\/index.php?rest_route=\/wp\/v2\/posts"}],"about":[{"href":"https:\/\/blog.douzeb.is\/index.php?rest_route=\/wp\/v2\/types\/post"}],"author":[{"embeddable":true,"href":"https:\/\/blog.douzeb.is\/index.php?rest_route=\/wp\/v2\/users\/1"}],"replies":[{"embeddable":true,"href":"https:\/\/blog.douzeb.is\/index.php?rest_route=%2Fwp%2Fv2%2Fcomments&post=3608"}],"version-history":[{"count":6,"href":"https:\/\/blog.douzeb.is\/index.php?rest_route=\/wp\/v2\/posts\/3608\/revisions"}],"predecessor-version":[{"id":3640,"href":"https:\/\/blog.douzeb.is\/index.php?rest_route=\/wp\/v2\/posts\/3608\/revisions\/3640"}],"wp:featuredmedia":[{"embeddable":true,"href":"https:\/\/blog.douzeb.is\/index.php?rest_route=\/wp\/v2\/media\/3609"}],"wp:attachment":[{"href":"https:\/\/blog.douzeb.is\/index.php?rest_route=%2Fwp%2Fv2%2Fmedia&parent=3608"}],"wp:term":[{"taxonomy":"category","embeddable":true,"href":"https:\/\/blog.douzeb.is\/index.php?rest_route=%2Fwp%2Fv2%2Fcategories&post=3608"},{"taxonomy":"post_tag","embeddable":true,"href":"https:\/\/blog.douzeb.is\/index.php?rest_route=%2Fwp%2Fv2%2Ftags&post=3608"},{"taxonomy":"author","embeddable":true,"href":"https:\/\/blog.douzeb.is\/index.php?rest_route=%2Fwp%2Fv2%2Fppma_author&post=3608"}],"curies":[{"name":"wp","href":"https:\/\/api.w.org\/{rel}","templated":true}]}}