{"id":3108,"date":"2020-10-28T01:42:58","date_gmt":"2020-10-27T23:42:58","guid":{"rendered":"https:\/\/blog.atlant.is\/?p=3108"},"modified":"2021-02-21T10:34:20","modified_gmt":"2021-02-21T08:34:20","slug":"lutte-contre-les-separatismes","status":"publish","type":"post","link":"https:\/\/blog.douzeb.is\/?p=3108","title":{"rendered":"Lutte contre les s\u00e9paratismes"},"content":{"rendered":"\n<p>Synth\u00e8se du <a href=\"https:\/\/www.elysee.fr\/emmanuel-macron\/2020\/10\/02\/la-republique-en-actes-discours-du-president-de-la-republique-sur-le-theme-de-la-lutte-contre-les-separatismes\">discours du pr\u00e9sident de la R\u00e9publique fran\u00e7aise<\/a> le vendredi 2 octobre 2020 sur le th\u00e8me de la lutte contre les s\u00e9paratismes.<\/p>\n\n\n\n<div class=\"wp-block-image\"><figure class=\"aligncenter size-large\"><img decoding=\"async\" loading=\"lazy\" width=\"914\" height=\"514\" src=\"https:\/\/blog.atlant.is\/wp-content\/uploads\/2020\/10\/republique-francaise.jpg\" alt=\"\" class=\"wp-image-3109\" srcset=\"https:\/\/blog.douzeb.is\/wp-content\/uploads\/2020\/10\/republique-francaise.jpg 914w, https:\/\/blog.douzeb.is\/wp-content\/uploads\/2020\/10\/republique-francaise-300x169.jpg 300w, https:\/\/blog.douzeb.is\/wp-content\/uploads\/2020\/10\/republique-francaise-768x432.jpg 768w\" sizes=\"(max-width: 914px) 100vw, 914px\" \/><figcaption>Statue de la R\u00e9publique &#8211; Assembl\u00e9e nationale<\/figcaption><\/figure><\/div>\n\n\n\n<!--more-->\n\n\n\n<p><strong>Le probl\u00e8me n\u2019est pas la la\u00efcit\u00e9.<\/strong>&nbsp;La la\u00efcit\u00e9, c&rsquo;est la libert\u00e9 de croire ou de ne pas croire, la possibilit\u00e9 d&rsquo;exercer son culte \u00e0 partir du moment o\u00f9 l&rsquo;ordre public est assur\u00e9. La la\u00efcit\u00e9, c&rsquo;est la neutralit\u00e9 de l&rsquo;\u00c9tat et en aucun cas l&rsquo;effacement des religions dans l&rsquo;espace public.&nbsp;<strong>La la\u00efcit\u00e9, c&rsquo;est le ciment de la France unie.&nbsp;<\/strong><\/p>\n\n\n\n<p>Il faut donc faire respecter la la\u00efcit\u00e9 fermement, justement. Sans se laisser entra\u00eener dans le pi\u00e8ge de l&rsquo;amalgame tendu par les pol\u00e9mistes et par les extr\u00eames qui consisterait \u00e0 stigmatiser tous les musulmans.&nbsp;<\/p>\n\n\n\n<p><strong>Le probl\u00e8me, c\u2019est le s\u00e9paratisme islamiste.&nbsp;<\/strong>Ce projet conscient, th\u00e9oris\u00e9, politico-religieux, qui se concr\u00e9tise par des \u00e9carts r\u00e9p\u00e9t\u00e9s avec les valeurs de la R\u00e9publique, qui se traduit souvent par la constitution d&rsquo;une contre-soci\u00e9t\u00e9 et dont les manifestations sont la d\u00e9scolarisation des enfants, le d\u00e9veloppement de pratiques sportives, culturelles communautaris\u00e9es qui sont le pr\u00e9texte \u00e0 l&rsquo;enseignement de principes qui ne sont pas conformes aux lois de la R\u00e9publique. C&rsquo;est l&rsquo;endoctrinement et par celui-ci, la n\u00e9gation de nos principes, l&rsquo;\u00e9galit\u00e9 entre les femmes et les hommes, la dignit\u00e9 humaine. Le probl\u00e8me, c&rsquo;est cette id\u00e9ologie, qui affirme que ses lois propres sont sup\u00e9rieures \u00e0 celles de la R\u00e9publique. Je ne demande \u00e0 aucun de nos citoyens de croire ou de ne pas croire, de croire un peu ou mod\u00e9r\u00e9ment, \u00e7a n\u2019est pas l&rsquo;affaire de la R\u00e9publique, mais je demande \u00e0 tout citoyen, quelle que soit sa religion ou pas, de respecter absolument toutes les lois de la R\u00e9publique.<\/p>\n\n\n\n<p>D\u00e8s fin 2017, dans 15 quartiers, des plans de lutte contre la radicalisation impliquant l\u2019ensemble des services de l\u2019\u00c9tat ont \u00e9t\u00e9 d\u00e9ploy\u00e9s. Sur le terrain, nos fonctionnaires sont \u00e0 pied d\u2019\u0153uvre et obtiennent des r\u00e9sultats : 212 d\u00e9bits de boisson, 15 lieux de culte, 4 \u00e9coles et 13 \u00e9tablissements associatifs et culturels ont \u00e9t\u00e9 ferm\u00e9s ; des centaines de contr\u00f4les r\u00e9alis\u00e9s, des millions d\u2019euros saisis.&nbsp;<\/p>\n\n\n\n<p><strong>Nous avons d\u00e9cid\u00e9 d\u2019aller plus loin, plus fort.&nbsp;<\/strong>D\u2019apporter \u00e0 chaque probl\u00e8me constat\u00e9 sur le terrain une solution concr\u00e8te. Un projet de loi sera pr\u00e9sent\u00e9 en Conseil des Ministres le 9 d\u00e9cembre, pour renforcer la la\u00efcit\u00e9 et consolider les principes r\u00e9publicains.&nbsp;<\/p>\n\n\n\n<p>Des communes ont pour projet d\u2019imposer des menus confessionnels \u00e0 la cantine, d\u2019autres excluent les hommes de certains cr\u00e9neaux d\u2019acc\u00e8s aux piscines.&nbsp;<\/p>\n\n\n\n<p>\u279c Ce qui est contraire aux principes de la\u00efcit\u00e9 et d\u2019\u00e9galit\u00e9 sera interdit.<\/p>\n\n\n\n<p><strong>Au sein de services publics exerc\u00e9s par des entreprises,&nbsp;<\/strong>comme les transports en commun, se multiplient des d\u00e9rives comme le refus de serrer la main \u00e0 une femme ou encore le port du voile quand on est une femme en contact avec le public.<\/p>\n\n\n\n<p>\u279c L\u2019obligation de neutralit\u00e9 des agents publics sera \u00e9tendue aux salari\u00e9s des entreprises d\u00e9l\u00e9gataires.<\/p>\n\n\n\n<p><strong>Mais interdire ne suffit pas. Il faut agir \u00e0 la racine.&nbsp;<\/strong>\u00c0 l\u2019islamisme politique brandi comme une fiert\u00e9, nous devons opposer un patriotisme r\u00e9publicain assum\u00e9.&nbsp;<\/p>\n\n\n\n<p><strong>Agir dans les associations&nbsp;<\/strong>qui doivent unir la Nation, pas la fracturer.<\/p>\n\n\n\n<p>\u279c Les motifs de dissolution en Conseil des ministres seront \u00e9tendus aux atteintes \u00e0 la dignit\u00e9 de la personne et aux menaces physiques ou psychiques.&nbsp;<\/p>\n\n\n\n<p>\u279c Toute demande de subvention sera conditionn\u00e9e \u00e0 la signature d\u2019un contrat de respect des valeurs de la R\u00e9publique. Ceux qui ne le respectent pas devront rembourser.<\/p>\n\n\n\n<p><strong>Agir \u00e0 l\u2019\u00e9cole<\/strong>, qui doit redevenir un creuset r\u00e9publicain. 50 000 enfants suivent l\u2019instruction \u00e0 domicile. Chaque jour des recteurs d\u00e9couvrent des enfants totalement hors syst\u00e8me. Chaque semaine des pr\u00e9fets ferment des \u00e9coles ill\u00e9gales, souvent administr\u00e9es par des extr\u00e9mistes religieux.<\/p>\n\n\n\n<p>\u279c Face \u00e0 ces d\u00e9rives qui excluent des milliers d\u2019enfants de l\u2019\u00e9ducation \u00e0 la citoyennet\u00e9, de l\u2019acc\u00e8s \u00e0 la culture, \u00e0 notre Histoire, \u00e0 nos valeurs, \u00e0 l\u2019exp\u00e9rience de l\u2019alt\u00e9rit\u00e9 qui est le c\u0153ur de l\u2019\u00e9cole r\u00e9publicaine, j\u2019ai pris une d\u00e9cision : d\u00e8s la rentr\u00e9e 2021, l\u2019instruction \u00e0 l\u2019\u00e9cole sera rendue obligatoire pour tous d\u00e8s trois ans. L\u2019instruction \u00e0 domicile \u00e9tant strictement limit\u00e9e aux imp\u00e9ratifs de sant\u00e9.<\/p>\n\n\n\n<p>\u279c Parce que l\u2019\u00e9cole doit d\u2019abord inculquer les valeurs de la R\u00e9publique, non celle d\u2019une religion, nous allons mettre fin aux ELCO, les Enseignements Langues et Cultures d\u2019Origine.<\/p>\n\n\n\n<p>La R\u00e9publique r\u00e9sistera par l\u2019\u00e9cole \u00e0 ceux qui veulent l\u2019abattre !<\/p>\n\n\n\n<p>J\u2019ai confiance dans les Fran\u00e7ais de confession musulmane et dans leur capacit\u00e9 \u00e0 se mobiliser pour contribuer \u00e0 cette bataille r\u00e9publicaine contre le s\u00e9paratisme islamiste, dans leur volont\u00e9 de s\u2019organiser aussi, pour b\u00e2tir un islam des Lumi\u00e8res. Ce n\u2019est bien s\u00fbr pas le travail de l\u2019\u00c9tat que de structurer l\u2019Islam, mais nous devons le permettre, l\u2019accompagner, et c\u2019est pourquoi j\u2019ai beaucoup dialogu\u00e9 avec les repr\u00e9sentants de l\u2019Islam dans notre pays.&nbsp;<strong>Nous partageons des constats et des propositions communes :<\/strong><\/p>\n\n\n\n<p>\u279c La n\u00e9cessit\u00e9 de lib\u00e9rer l\u2019islam en France des influences \u00e9trang\u00e8res. Il sera mis fin au syst\u00e8me des imams d\u00e9tach\u00e9s.&nbsp;<\/p>\n\n\n\n<p>\u279c La volont\u00e9 de prot\u00e9ger les responsables des mosqu\u00e9es des prises de contr\u00f4le hostiles par des extr\u00e9mistes. Des dispositifs anti-putsch seront cr\u00e9\u00e9s.<\/p>\n\n\n\n<p>\u279c L\u2019ambition de former et promouvoir en France une g\u00e9n\u00e9ration d\u2019imams et d\u2019intellectuels qui d\u00e9fendent un islam pleinement compatible avec les valeurs de la R\u00e9publique.&nbsp;<\/p>\n\n\n\n<p><strong>Il faut aussi faire aimer la R\u00e9publique en d\u00e9montrant qu\u2019elle peut permettre \u00e0 chacun de construire sa vie.&nbsp;<\/strong>Nous agissons pour faire \u00e0 nouveau entrer la R\u00e9publique dans le concret des vies en d\u00e9ployant partout une offre \u00e9ducative, culturelle et sportive r\u00e9publicaine de qualit\u00e9.&nbsp;<\/p>\n\n\n\n<p>\u279c Le d\u00e9doublement des classes pour 300 000 \u00e9l\u00e8ves, l\u2019ouverture de 80 cit\u00e9s \u00e9ducatives, la labellisation de 530 maisons France services ; dans le secteur culturel, l\u2019extension des horaires d\u2019ouverture des biblioth\u00e8ques pour plus de 600 communes, la cr\u00e9ation d\u2019une centaine de microfolies : nombre d\u2019initiatives sont mises en \u0153uvre partout depuis trois ans.&nbsp;<\/p>\n\n\n\n<p>\u279c Nous les amplifierons : le d\u00e9doublement des classes est actuellement \u00e9tendu aux \u00e9l\u00e8ves de grande section, 40 cit\u00e9s \u00e9ducatives suppl\u00e9mentaires vont \u00eatre cr\u00e9\u00e9es, 300 maisons France services suppl\u00e9mentaires ouvriront dans les prochaines semaines. Notre horizon : assurer une pr\u00e9sence r\u00e9publicaine au bas de chaque tour, au bas de chaque immeuble.<\/p>\n\n\n\n<p><strong>Faire aimer la R\u00e9publique, c\u2019est tenir la promesse d\u2019\u00e9mancipation qui lui est intrins\u00e8que.&nbsp;<\/strong>J\u2019ai commenc\u00e9 \u00e0 \u00e9grener des pistes pour l\u2019\u00e9galit\u00e9 des chances, lutter contre les discriminations, faire en sorte que chacun, quelle que soit sa couleur de peau, son origine, sa religion, puisse trouver sa place.<\/p>\n\n\n\n<p>Je pr\u00e9senterai au cours de l\u2019automne de nouvelles d\u00e9cisions. D\u00e9clin\u00e9es dans chaque d\u00e9partement par les pr\u00e9fets, elles viseront une ambition : la R\u00e9publique en actes.<\/p>\n\n\n\n<p>Tous ensemble, Fran\u00e7aises, Fran\u00e7ais, portons ce r\u00e9veil r\u00e9publicain.&nbsp;<\/p>\n\n\n\n<p>Vive la R\u00e9publique, vive la France.<\/p>\n\n\n\n<div class=\"arve wp-block-nextgenthemes-arve\" data-mode=\"normal\" data-oembed=\"1\" data-provider=\"youtube\" id=\"arve-youtube-dcidkr9mj7c69f5097b03ecd066254192\">\n<span class=\"arve-inner\">\n<span class=\"arve-embed arve-embed--has-aspect-ratio\" style=\"aspect-ratio: 500 \/ 281\">\n<span class=\"arve-ar\" style=\"padding-top:56.200000%\"><\/span><iframe allow=\"accelerometer; autoplay; clipboard-write; encrypted-media; gyroscope; picture-in-picture\" allowfullscreen class=\"arve-iframe fitvidsignore\" data-arve=\"arve-youtube-dcidkr9mj7c69f5097b03ecd066254192\" data-src-no-ap=\"https:\/\/www.youtube.com\/embed\/dcIDKr9mJ7c?feature=oembed&amp;iv_load_policy=3&amp;modestbranding=1&amp;rel=0&amp;autohide=1&amp;playsinline=0&amp;autoplay=0\" frameborder=\"0\" height=\"0\" sandbox=\"allow-scripts allow-same-origin allow-presentation allow-popups allow-popups-to-escape-sandbox\" scrolling=\"no\" src=\"https:\/\/www.youtube.com\/embed\/dcIDKr9mJ7c?feature=oembed&#038;iv_load_policy=3&#038;modestbranding=1&#038;rel=0&#038;autohide=1&#038;playsinline=0&#038;autoplay=0\"><\/iframe>\n\n<\/span>\n\n<\/span>\n<script type=\"application\/ld+json\">{\"@context\":\"http:\\\/\\\/schema.org\\\/\",\"@id\":\"https:\\\/\\\/blog.douzeb.is\\\/?p=3108#arve-youtube-dcidkr9mj7c69f5097b03ecd066254192\",\"type\":\"VideoObject\",\"embedURL\":\"https:\\\/\\\/www.youtube.com\\\/embed\\\/dcIDKr9mJ7c?feature=oembed&iv_load_policy=3&modestbranding=1&rel=0&autohide=1&playsinline=0&autoplay=0\"}<\/script>\n<\/div>\n\n","protected":false},"excerpt":{"rendered":"<p>Synth\u00e8se du discours du pr\u00e9sident de la R\u00e9publique fran\u00e7aise le vendredi 2 octobre 2020 sur le th\u00e8me de la lutte contre les s\u00e9paratismes.<\/p>\n","protected":false},"author":1,"featured_media":3109,"comment_status":"open","ping_status":"open","sticky":false,"template":"","format":"standard","meta":[],"categories":[22,9],"tags":[],"ppma_author":[76],"authors":[{"term_id":76,"user_id":1,"is_guest":0,"slug":"fred","display_name":"Fred","avatar_url":"https:\/\/secure.gravatar.com\/avatar\/ec0326d654fdf9f66e9eb42bb34a9bc4?s=96&d=mm&r=g","description":"","first_name":"","last_name":"","user_url":""}],"_links":{"self":[{"href":"https:\/\/blog.douzeb.is\/index.php?rest_route=\/wp\/v2\/posts\/3108"}],"collection":[{"href":"https:\/\/blog.douzeb.is\/index.php?rest_route=\/wp\/v2\/posts"}],"about":[{"href":"https:\/\/blog.douzeb.is\/index.php?rest_route=\/wp\/v2\/types\/post"}],"author":[{"embeddable":true,"href":"https:\/\/blog.douzeb.is\/index.php?rest_route=\/wp\/v2\/users\/1"}],"replies":[{"embeddable":true,"href":"https:\/\/blog.douzeb.is\/index.php?rest_route=%2Fwp%2Fv2%2Fcomments&post=3108"}],"version-history":[{"count":3,"href":"https:\/\/blog.douzeb.is\/index.php?rest_route=\/wp\/v2\/posts\/3108\/revisions"}],"predecessor-version":[{"id":3274,"href":"https:\/\/blog.douzeb.is\/index.php?rest_route=\/wp\/v2\/posts\/3108\/revisions\/3274"}],"wp:featuredmedia":[{"embeddable":true,"href":"https:\/\/blog.douzeb.is\/index.php?rest_route=\/wp\/v2\/media\/3109"}],"wp:attachment":[{"href":"https:\/\/blog.douzeb.is\/index.php?rest_route=%2Fwp%2Fv2%2Fmedia&parent=3108"}],"wp:term":[{"taxonomy":"category","embeddable":true,"href":"https:\/\/blog.douzeb.is\/index.php?rest_route=%2Fwp%2Fv2%2Fcategories&post=3108"},{"taxonomy":"post_tag","embeddable":true,"href":"https:\/\/blog.douzeb.is\/index.php?rest_route=%2Fwp%2Fv2%2Ftags&post=3108"},{"taxonomy":"author","embeddable":true,"href":"https:\/\/blog.douzeb.is\/index.php?rest_route=%2Fwp%2Fv2%2Fppma_author&post=3108"}],"curies":[{"name":"wp","href":"https:\/\/api.w.org\/{rel}","templated":true}]}}