{"id":3102,"date":"2020-10-27T23:52:23","date_gmt":"2020-10-27T21:52:23","guid":{"rendered":"https:\/\/blog.atlant.is\/?p=3102"},"modified":"2021-02-21T10:34:46","modified_gmt":"2021-02-21T08:34:46","slug":"interdits-a-la-mode","status":"publish","type":"post","link":"https:\/\/blog.douzeb.is\/?p=3102","title":{"rendered":"Interdits \u00e0 la mode"},"content":{"rendered":"\n<div class=\"wp-block-image\"><figure class=\"aligncenter size-large\"><img decoding=\"async\" loading=\"lazy\" width=\"683\" height=\"1024\" src=\"https:\/\/blog.atlant.is\/wp-content\/uploads\/2020\/10\/eschyle-sorbonne-683x1024.jpg\" alt=\"\" class=\"wp-image-3103\" srcset=\"https:\/\/blog.douzeb.is\/wp-content\/uploads\/2020\/10\/eschyle-sorbonne-683x1024.jpg 683w, https:\/\/blog.douzeb.is\/wp-content\/uploads\/2020\/10\/eschyle-sorbonne-200x300.jpg 200w, https:\/\/blog.douzeb.is\/wp-content\/uploads\/2020\/10\/eschyle-sorbonne-768x1152.jpg 768w, https:\/\/blog.douzeb.is\/wp-content\/uploads\/2020\/10\/eschyle-sorbonne-1024x1536.jpg 1024w, https:\/\/blog.douzeb.is\/wp-content\/uploads\/2020\/10\/eschyle-sorbonne.jpg 1032w\" sizes=\"(max-width: 683px) 100vw, 683px\" \/><figcaption>Les suppliantes d&rsquo;Eschyle, <a href=\"https:\/\/www.mouv.fr\/mouv-info\/piece-de-theatre-annulee-la-sorbonne-apres-des-accusations-de-blackface-348891\">repr\u00e9sentation annul\u00e9e sous la pression<\/a>, mars 2019<\/figcaption><\/figure><\/div>\n\n\n\n<p>Copie de <a href=\"https:\/\/www.lapresse.ca\/actualites\/2020-10-15\/l-etudiant-a-toujours-raison.php\">l&rsquo;article d&rsquo;Isabelle Hachey<\/a>, publi\u00e9 le jeudi 15 octobre 2020 sur le cyber-journal <a href=\"https:\/\/www.lapresse.ca\/\">lapresse.ca<\/a>. Ravages de l&rsquo;essentialisation<span id='easy-footnote-1-3102' class='easy-footnote-margin-adjust'><\/span><span class='easy-footnote'><a href='https:\/\/blog.douzeb.is\/?p=3102#easy-footnote-bottom-1-3102' title='S&amp;rsquo;agissant de la repr\u00e9sentation d&amp;rsquo;Eschyle \u00e0 la Sorbonne, voir le communiqu\u00e9 de l&amp;rsquo;universit\u00e9 &amp;#8212; Lundi 25 mars 2019, Les Suppliantes, pi\u00e8ce d\u2019Eschyle mise en sc\u00e8ne par Philippe Brunet, directeur de la compagnie de th\u00e9\u00e2tre antique D\u00e9modocos, n\u2019a pu \u00eatre jou\u00e9e en Sorbonne.&amp;nbsp;Les com\u00e9diennes et com\u00e9diens ont \u00e9t\u00e9 emp\u00each\u00e9s de force de rentrer se pr\u00e9parer et le public a \u00e9t\u00e9 tenu dehors par des individus accusant la mise en sc\u00e8ne de \u00ab&amp;nbsp;racialisme&amp;nbsp;\u00bb.&amp;nbsp;Cette pi\u00e8ce met en sc\u00e8ne les Grecs Argiens et les Dana\u00efdes, filles de Danaos venues d\u2019Egypte, interpr\u00e9t\u00e9s, fid\u00e8lement aux pratiques th\u00e9\u00e2trales antiques, respectivement par des actrices et acteurs portant des masques blancs et des masques noirs selon les usages de l\u2019\u00e9poque.&amp;nbsp;Sorbonne Universit\u00e9 d\u00e9nonce solennellement les \u00e9v\u00e9nements qui se sont d\u00e9roul\u00e9s hier soir \u00e0 la facult\u00e9 des Lettres de Sorbonne Universit\u00e9.&amp;nbsp;Emp\u00eacher, par la force et l\u2019injure, la repr\u00e9sentation d\u2019une pi\u00e8ce de th\u00e9\u00e2tre est une atteinte tr\u00e8s grave et totalement injustifi\u00e9e, \u00e0 la libert\u00e9 de cr\u00e9ation.&amp;nbsp;C\u2019est aussi un proc\u00e8s d\u2019intention et un contre-sens total contre lesquels Sorbonne Universit\u00e9 s\u2019\u00e9l\u00e8ve avec la plus grande fermet\u00e9.&amp;nbsp;Les accusations de racisme ou de \u00ab\u00a0racialisme\u00a0\u00bb sont r\u00e9v\u00e9latrices d\u2019une incompr\u00e9hension totale.&amp;nbsp;Cette pi\u00e8ce pr\u00e9par\u00e9e, pendant un an, par des jeunes actrices et acteurs, emp\u00each\u00e9s de montrer leur travail, porte justement sur l\u2019accueil et le d\u00e9passement des conflits.&amp;nbsp;La libert\u00e9, la diversit\u00e9, la cr\u00e9ativit\u00e9, la rigueur et l\u2019ouverture sont les valeurs fondatrices de Sorbonne Universit\u00e9.&amp;nbsp;Profond\u00e9ment humanistes et antiracistes, Sorbonne Universit\u00e9 et l\u2019ensemble de sa communaut\u00e9 d\u00e9fendent ces valeurs et promeuvent une politique acad\u00e9mique et culturelle ambitieuse, \u00e9mancipatrice, inclusive et porteuse d\u2019\u00e9galit\u00e9.&amp;nbsp;L\u2019universit\u00e9 apporte son soutien plein et entier au metteur en sc\u00e8ne de cette pi\u00e8ce, aux actrices et acteurs et \u00e0 toutes les personnes impliqu\u00e9es dans l\u2019organisation de cette repr\u00e9sentation.&amp;nbsp;Ceux qui l\u2019ont entrav\u00e9e ne montrent que leurs r\u00e9flexes de repli sur soi et d\u2019exclusion.&amp;nbsp;L\u2019universit\u00e9 \u00e9tudie toutes les possibilit\u00e9s pour que cette pi\u00e8ce puisse \u00eatre jou\u00e9e dans des conditions sereines.&amp;nbsp;Extraits de la r\u00e9ponse du metteur en sc\u00e8ne Philippe Brunet sur Facebook&amp;nbsp;: \u00ab&amp;nbsp;Le th\u00e9\u00e2tre est le lieu de la m\u00e9tamorphose, pas le refuge des identit\u00e9s.&amp;nbsp;Le grotesque n\u2019a pas de couleur.&amp;nbsp;Les conflits n\u2019emp\u00eachent pas l\u2019amour.&amp;nbsp;On y accueille l\u2019Autre, on devient l\u2019Autre parfois le temps d\u2019une repr\u00e9sentation.&amp;nbsp;Eschyle met en sc\u00e8ne \u00e0 l\u2019\u00e9chelle du monde.&amp;nbsp;Dans Antigone, je fais jouer les r\u00f4les des filles par des hommes, \u00e0 l\u2019Antique.&amp;nbsp;Je chante Hom\u00e8re et ne suis pas aveugle.&amp;nbsp;J\u2019ai fait jouer les Perses \u00e0 Niamey par des Nig\u00e9riens&amp;nbsp;(c\u2019est dans le dernier film de Jean Rouch), Ma derni\u00e8re Reine perse \u00e9tait noire de peau et portait un masque blanc.&amp;nbsp;\u00bb '><sup>1<\/sup><\/a><\/span><span id='easy-footnote-2-3102' class='easy-footnote-margin-adjust'><\/span><span class='easy-footnote'><a href='https:\/\/blog.douzeb.is\/?p=3102#easy-footnote-bottom-2-3102' title='Voir aussi les tentatives r\u00e9centes, certaines couronn\u00e9es de succ\u00e8s, d&amp;rsquo;interdire \u00e0 tel ou tel \u00eatre humain d&amp;rsquo;interpr\u00e9ter un r\u00f4le de cin\u00e9ma pour cause de mauvaise identit\u00e9 : &lt;a href=&quot;https:\/\/www.courrierinternational.com\/article\/polemique-gal-gadot-jouera-cleopatre-mais-de-quelle-couleur-etait-la-reine-degypte&quot;&gt;Cl\u00e9opatre&lt;\/a&gt;, &lt;a href=&quot;https:\/\/www.indiewire.com\/2019\/07\/scarlett-johansson-rub-tug-casting-controversy-transgender-lgbt-1202157835\/&quot;&gt;Rub and Tug&lt;\/a&gt;.'><sup>2<\/sup><\/a><\/span>.<\/p>\n\n\n\n<!--more-->\n\n\n\n<h2>L\u2019\u00e9tudiant a toujours raison<\/h2>\n\n\n\n<p>Voil\u00e0 deux semaines que Verushka Lieutenant-Duval n\u2019a pas donn\u00e9 de cours \u00e0 l\u2019Universit\u00e9 d\u2019Ottawa. Depuis deux semaines qu\u2019elle fait face \u00e0 la temp\u00eate.<\/p>\n\n\n\n<p>L\u2019acte d\u2019accusation est grave&nbsp;: racisme en classe. Le verdict pourrait lui co\u00fbter sa carri\u00e8re. Mais la prof qu\u00e9b\u00e9coise n\u2019a pas eu le droit d\u2019assister \u00e0 son proc\u00e8s virtuel.<\/p>\n\n\n\n<p>Ses \u00e9tudiants, voyez-vous, avaient besoin d\u2019un&nbsp;<em>safe space,&nbsp;<\/em>un espace s\u00e9curis\u00e9, pour discuter tranquillement de son sort. Lui feraient-ils perdre son cours ou pas&nbsp;?<\/p>\n\n\n\n<p>\u00c7a s\u2019est pass\u00e9 mercredi apr\u00e8s-midi, sur&nbsp;<em>Zoom<\/em>, en pr\u00e9sence de quatre employ\u00e9s de l\u2019Universit\u00e9 d\u2019Ottawa. Il ne manquait que la principale int\u00e9ress\u00e9e, qui n\u2019a pu produire qu\u2019une lettre d\u2019excuses pour toute d\u00e9fense.<\/p>\n\n\n\n<p>Au cours de la r\u00e9union, les employ\u00e9s ont offert aux \u00e9tudiants de poursuivre la session avec un autre prof. Mais certains ont jug\u00e9 cette peine nettement insuffisante.<\/p>\n\n\n\n<p>\u00ab&nbsp;Dans le groupe, il y a quelques \u00e9tudiants qui veulent la peau du prof&nbsp;\u00bb, relate Jan-L\u00e9opold Munk, enseignant \u00e0 la retraite qui s\u2019est inscrit au cours pour le plaisir.<\/p>\n\n\n\n<p>Et qui est catastroph\u00e9 par ce qui se passe \u00e0 l\u2019Universit\u00e9 d\u2019Ottawa.<\/p>\n\n\n\n<hr class=\"wp-block-separator is-style-dots\"\/>\n\n\n\n<p>Le cours de Verushka Lieutenant-Duval porte sur la repr\u00e9sentation des identit\u00e9s sexuelles dans les arts visuels. Le 23&nbsp;septembre, elle a donn\u00e9 une le\u00e7on en ligne sur la th\u00e9orie&nbsp;<em>queer<\/em>&nbsp;\u00e0 ses \u00e9tudiants.<\/p>\n\n\n\n<p>\u00c0 l\u2019origine, le terme&nbsp;<em>queer<\/em>&nbsp;\u00e9tait une insulte, leur a-t-elle expliqu\u00e9. La communaut\u00e9 gaie s\u2019est r\u00e9appropri\u00e9 le mot et l\u2019a vid\u00e9 de son sens initial pour en faire un puissant marqueur identitaire.<\/p>\n\n\n\n<p>En langage savant, cette r\u00e9cup\u00e9ration s\u2019appelle la \u00ab&nbsp;resignification subversive&nbsp;\u00bb. Il y a d\u2019autres cas c\u00e9l\u00e8bres, a expliqu\u00e9 la prof \u00e0 ses \u00e9tudiants. Aux \u00c9tats-Unis, par exemple, la communaut\u00e9 noire s\u2019est r\u00e9appropri\u00e9 l\u2019insulte raciste&nbsp;<em>n*gger.<\/em><\/p>\n\n\n\n<p>M<sup>me&nbsp;<\/sup>Lieutenant-Duval n\u2019a pas dit&nbsp;<em>n-word&nbsp;<\/em>pour prot\u00e9ger les oreilles sensibles. Comme il s\u2019agissait de citer le mot en exemple, dans un contexte p\u00e9dagogique, elle l\u2019a prononc\u00e9 dans son enti\u00e8ret\u00e9.<\/p>\n\n\n\n<p>Malaise sur&nbsp;<em>Zoom<\/em>.<\/p>\n\n\n\n<p>\u00ab&nbsp;Une \u00e9tudiante lui a dit&nbsp;: une Blanche ne devrait jamais prononcer ce mot, point&nbsp;\u00bb, rapporte Jan-L\u00e9opold Munk.<\/p>\n\n\n\n<p>Le soir m\u00eame, la prof s\u2019est excus\u00e9e par courriel \u00e0 ses \u00e9tudiants. Elle ne savait pas. Elle n\u2019avait pas l\u2019intention de blesser quiconque. Puis, elle a tent\u00e9 d\u2019ouvrir le d\u00e9bat.<\/p>\n\n\n\n<p>\u00ab&nbsp;Je vous invite \u00e0 aborder la question la semaine prochaine afin de r\u00e9fl\u00e9chir \u00e0 ce qui convient pour traiter ce mot. Vaut-il mieux ne pas le prononcer parce qu\u2019il est sensible&nbsp;? Le silence ne m\u00e8ne-t-il pas \u00e0 l\u2019oubli et au statu quo&nbsp;?&nbsp;\u00bb<\/p>\n\n\n\n<p>C\u2019est l\u00e0 que tout a d\u00e9rap\u00e9.<\/p>\n\n\n\n<hr class=\"wp-block-separator is-style-dots\"\/>\n\n\n\n<p>Quelques \u00e9tudiants se sont \u00e9touff\u00e9s d\u2019indignation. \u00ab&nbsp;Elle a donn\u00e9 l\u2019impression que c\u2019\u00e9tait quelque chose qui pouvait \u00eatre d\u00e9battu&nbsp;\u00bb, a d\u00e9nonc\u00e9 l\u2019un d\u2019eux au&nbsp;<em>Fulcrum,&nbsp;<\/em>le journal \u00e9tudiant de l\u2019Universit\u00e9 d\u2019Ottawa.<\/p>\n\n\n\n<p>Pensez-y. Un d\u00e9bat \u00e0 l\u2019universit\u00e9. Une prof qui propose \u00e0 ses \u00e9tudiants de r\u00e9fl\u00e9chir en classe. Quelle id\u00e9e&nbsp;!<\/p>\n\n\n\n<p>M<sup>me&nbsp;<\/sup>Lieutenant-Duval a \u00e9t\u00e9 d\u00fbment punie pour son h\u00e9r\u00e9sie. Une \u00e9tudiante a diffus\u00e9 son courriel d\u2019excuses sur Twitter, provoquant une d\u00e9ferlante de r\u00e9ponses outr\u00e9es par tant d\u2019ignorance, d\u2019insensibilit\u00e9 et de\u2026 racisme.<\/p>\n\n\n\n<p>Le contexte&nbsp;? On ne veut pas le savoir.<\/p>\n\n\n\n<p>La libert\u00e9 de l&rsquo;enseignement&nbsp;? Rien \u00e0 foutre. D\u00e9sormais, on veut des espaces s\u00e9curis\u00e9s pour se mettre \u00e0 l\u2019abri des micro-agressions, pas des espaces de libert\u00e9 pour s\u2019exprimer sur tous les sujets sans subir de pressions.<\/p>\n\n\n\n<p>D\u00e9sormais, on pr\u00e9f\u00e8re la censure.<\/p>\n\n\n\n<p>On pr\u00e9f\u00e8re humilier une prof sur Twitter.<\/p>\n\n\n\n<hr class=\"wp-block-separator is-style-dots\"\/>\n\n\n\n<p>\u00ab&nbsp;@UOttawa, SVP enseignez \u00e0 vos professeurs \u00e0 ne pas dire le&nbsp;<em>n-word<\/em>&nbsp;pour que je n\u2019aie pas \u00e0 le faire, MERCI&nbsp;!&nbsp;!&nbsp;\u00bb, a tweet\u00e9 l\u2019\u00e9tudiante qui a diffus\u00e9 le courriel d\u2019excuses.<\/p>\n\n\n\n<p>Un autre a salu\u00e9 son \u00ab&nbsp;courage&nbsp;\u00bb et son \u00ab&nbsp;refus d\u2019\u00eatre complice de ce comportement dans nos classes&nbsp;\u00bb.<\/p>\n\n\n\n<p>Je ne vois aucun courage dans cette d\u00e9nonciation. Je ne vois qu\u2019un \u00e9talage de puret\u00e9 vertueuse et de feinte indignation sur Twitter.<\/p>\n\n\n\n<p>Il ne faut gu\u00e8re de courage pour jeter sa prof aux loups sur les r\u00e9seaux sociaux. Surtout quand on se doute que son universit\u00e9, terroris\u00e9e \u00e0 l\u2019id\u00e9e de passer pour raciste, va punir\u2026 la prof.<\/p>\n\n\n\n<p>C\u2019est exactement ce qu\u2019a fait l\u2019Universit\u00e9 d\u2019Ottawa en suspendant M<sup>me&nbsp;<\/sup>Lieutenant-Duval et en offrant aux \u00e9tudiants de changer de prof pour le reste de la session. Elle a pli\u00e9 l\u2019\u00e9chine. Pire, elle a pris le parti des militants.<\/p>\n\n\n\n<p>\u00ab&nbsp;Ce langage \u00e9tait offensant et totalement inacceptable dans nos salles de classe et sur notre campus&nbsp;\u00bb, a \u00e9crit aux \u00e9tudiants Kevin Kee, doyen de la facult\u00e9 des arts.<\/p>\n\n\n\n<p>Que pense-t-il du contexte dans lequel le mot a \u00e9t\u00e9 prononc\u00e9&nbsp;? Le doyen ne devrait-il pas d\u00e9fendre la libert\u00e9 de l\u2019enseignement de ses coll\u00e8gues&nbsp;?<\/p>\n\n\n\n<p>\u00ab&nbsp;Tant le doyen que l\u2019Universit\u00e9 n\u2019ont rien \u00e0 ajouter&nbsp;\u00bb, s\u2019est born\u00e9 \u00e0 m\u2019\u00e9crire un porte-parole.<\/p>\n\n\n\n<p>Il aurait aussi bien pu m\u2019\u00e9crire qu\u2019\u00e0 l\u2019Universit\u00e9 d\u2019Ottawa, le client-\u00e9tudiant a toujours raison.<\/p>\n\n\n\n<hr class=\"wp-block-separator is-style-dots\"\/>\n\n\n\n<p>\u00c0 l\u2019Universit\u00e9 Concordia aussi.<\/p>\n\n\n\n<p>En ao\u00fbt,&nbsp;<a href=\"https:\/\/www.lapresse.ca\/actualites\/2020-08-15\/mots-tabous.php\" target=\"_blank\" rel=\"noreferrer noopener\">j\u2019ai \u00e9crit sur une professeure de cin\u00e9ma<\/a>, Catherine Russell, victime d\u2019une cabale semblable pour avoir cit\u00e9 en classe le pamphlet de Pierre Valli\u00e8res,&nbsp;<em>N\u00e8gres blancs d\u2019Am\u00e9rique.<\/em><\/p>\n\n\n\n<p>M<sup>me&nbsp;<\/sup>Russell ne donne plus le cours, cette ann\u00e9e.<\/p>\n\n\n\n<p>Aux \u00c9tats-Unis, des profs ont re\u00e7u des sanctions disciplinaires pour avoir prononc\u00e9 le mot tabou dans un contexte scolaire. Les universit\u00e9s refusent obstin\u00e9ment de faire la part des choses.<\/p>\n\n\n\n<p>\u00ab&nbsp;Quand on fait une utilisation raciste du mot pour rabaisser, insulter, terroriser les gens, c\u2019est terrible et cela devrait \u00eatre condamn\u00e9&nbsp;\u00bb, soulignait en juin Randall Kennedy, professeur de droit \u00e0 l\u2019Universit\u00e9 Harvard,&nbsp;<a href=\"https:\/\/www.mediaite.com\/tv\/cnns-smerconish-hosts-professor-who-uses-uncensored-n-word-7-times-on-air-to-argue-it-should-be-used-in-academia\/\" target=\"_blank\" rel=\"noreferrer noopener\">sur les ondes de CNN.<\/a><\/p>\n\n\n\n<p>Mais quand on utilise ce mot pour souligner le probl\u00e8me du racisme, c\u2019est autre chose, ajoutait le professeur afro-am\u00e9ricain. Dans ce cas, tout le monde devrait pouvoir l\u2019utiliser, peu importe la couleur de sa peau. \u00ab&nbsp;Ce serait une chose terrible, dans la culture am\u00e9ricaine, si on \u00e9rigeait une ligne raciale par rapport \u00e0 qui peut dire quoi.&nbsp;\u00bb<\/p>\n\n\n\n<p>Dany Laferri\u00e8re a dit \u00e0 peu pr\u00e8s la m\u00eame chose \u00e0 propos du mot \u00ab&nbsp;n\u00e8gre&nbsp;\u00bb, la semaine derni\u00e8re,&nbsp;<a href=\"https:\/\/www.facebook.com\/watch\/?v=749796982413541\" target=\"_blank\" rel=\"noreferrer noopener\">sur Culture Prime<\/a>&nbsp;: \u00ab&nbsp;N\u2019importe qui peut l\u2019employer. On sait quand on est insult\u00e9, quand quelqu\u2019un utilise un mot pour vous humilier ou vous \u00e9craser. On sait aussi quand c\u2019est un autre emploi.&nbsp;\u00bb<\/p>\n\n\n\n<p>On le sait, parce que c\u2019est \u00e9vident.<\/p>\n\n\n\n<p>L\u2019absurdit\u00e9 de toutes ces affaires saute aux yeux. La couardise et le client\u00e9lisme des universit\u00e9s aussi. \u00c0 condition de ne pas se voiler la face, ni de se draper dans sa vertu.<\/p>\n","protected":false},"excerpt":{"rendered":"<p>Copie de l&rsquo;article d&rsquo;Isabelle Hachey, publi\u00e9 le jeudi 15 octobre 2020 sur le cyber-journal lapresse.ca. Ravages de l&rsquo;essentialisation.<\/p>\n","protected":false},"author":1,"featured_media":3103,"comment_status":"open","ping_status":"open","sticky":false,"template":"","format":"standard","meta":[],"categories":[6,14],"tags":[],"ppma_author":[76],"authors":[{"term_id":76,"user_id":1,"is_guest":0,"slug":"fred","display_name":"Fred","avatar_url":"https:\/\/secure.gravatar.com\/avatar\/ec0326d654fdf9f66e9eb42bb34a9bc4?s=96&d=mm&r=g","description":"","first_name":"","last_name":"","user_url":""}],"_links":{"self":[{"href":"https:\/\/blog.douzeb.is\/index.php?rest_route=\/wp\/v2\/posts\/3102"}],"collection":[{"href":"https:\/\/blog.douzeb.is\/index.php?rest_route=\/wp\/v2\/posts"}],"about":[{"href":"https:\/\/blog.douzeb.is\/index.php?rest_route=\/wp\/v2\/types\/post"}],"author":[{"embeddable":true,"href":"https:\/\/blog.douzeb.is\/index.php?rest_route=\/wp\/v2\/users\/1"}],"replies":[{"embeddable":true,"href":"https:\/\/blog.douzeb.is\/index.php?rest_route=%2Fwp%2Fv2%2Fcomments&post=3102"}],"version-history":[{"count":2,"href":"https:\/\/blog.douzeb.is\/index.php?rest_route=\/wp\/v2\/posts\/3102\/revisions"}],"predecessor-version":[{"id":3273,"href":"https:\/\/blog.douzeb.is\/index.php?rest_route=\/wp\/v2\/posts\/3102\/revisions\/3273"}],"wp:featuredmedia":[{"embeddable":true,"href":"https:\/\/blog.douzeb.is\/index.php?rest_route=\/wp\/v2\/media\/3103"}],"wp:attachment":[{"href":"https:\/\/blog.douzeb.is\/index.php?rest_route=%2Fwp%2Fv2%2Fmedia&parent=3102"}],"wp:term":[{"taxonomy":"category","embeddable":true,"href":"https:\/\/blog.douzeb.is\/index.php?rest_route=%2Fwp%2Fv2%2Fcategories&post=3102"},{"taxonomy":"post_tag","embeddable":true,"href":"https:\/\/blog.douzeb.is\/index.php?rest_route=%2Fwp%2Fv2%2Ftags&post=3102"},{"taxonomy":"author","embeddable":true,"href":"https:\/\/blog.douzeb.is\/index.php?rest_route=%2Fwp%2Fv2%2Fppma_author&post=3102"}],"curies":[{"name":"wp","href":"https:\/\/api.w.org\/{rel}","templated":true}]}}