{"id":3094,"date":"2020-10-27T22:46:15","date_gmt":"2020-10-27T20:46:15","guid":{"rendered":"https:\/\/blog.atlant.is\/?p=3094"},"modified":"2021-02-21T10:37:43","modified_gmt":"2021-02-21T08:37:43","slug":"ignominies-et-petites-lachetes","status":"publish","type":"post","link":"https:\/\/blog.douzeb.is\/?p=3094","title":{"rendered":"Indignit\u00e9s et petites l\u00e2chet\u00e9s"},"content":{"rendered":"\n<div class=\"wp-block-image\"><figure class=\"aligncenter size-large\"><img decoding=\"async\" loading=\"lazy\" width=\"637\" height=\"800\" src=\"https:\/\/blog.atlant.is\/wp-content\/uploads\/2020\/10\/botero-pleurs.jpg\" alt=\"\" class=\"wp-image-3095\" srcset=\"https:\/\/blog.douzeb.is\/wp-content\/uploads\/2020\/10\/botero-pleurs.jpg 637w, https:\/\/blog.douzeb.is\/wp-content\/uploads\/2020\/10\/botero-pleurs-239x300.jpg 239w\" sizes=\"(max-width: 637px) 100vw, 637px\" \/><figcaption>Fernando Botero, 1999<\/figcaption><\/figure><\/div>\n\n\n\n<p>Au moment de <em><a href=\"https:\/\/fr.wikipedia.org\/wiki\/Affaire_Mila\">l&rsquo;affaire Mila<\/a><\/em><span id='easy-footnote-1-3094' class='easy-footnote-margin-adjust'><\/span><span class='easy-footnote'><a href='https:\/\/blog.douzeb.is\/?p=3094#easy-footnote-bottom-1-3094' title='Pour rappel, le point de d\u00e9part de l&amp;rsquo;affaire est la publication le samedi 18 janvier 2020, sur Instagram, par une jeune fille de 16 ans, d&amp;rsquo;une vid\u00e9o o\u00f9 elle critique les religions et notamment l&amp;rsquo;islam. Elle venait de refuser les avances d&amp;rsquo;un internaute, qui d\u00e8s lors l&amp;rsquo;accusait de racisme&amp;nbsp;et se montrait insultant envers les lesbiennes. Transcript : &lt;em&gt;\u00ab\u00a0Je d\u00e9teste la religion. Le Coran est une religion de haine, l&amp;rsquo;islam, c&amp;rsquo;est de la merde (&amp;#8230;) je dis ce que je pense ! Je ne suis pas raciste, mais pas du tout. On ne peut pas \u00eatre raciste d&amp;rsquo;une religion. Il y a des gens qui peuvent penser \u00e7a, mais vous \u00eates cons&amp;nbsp;! J&amp;rsquo;ai dit ce que j&amp;rsquo;en pensais, j&amp;rsquo;ai totalement le droit (&amp;#8230;). L\u00e0 il y a des gens qui vont encore s&amp;rsquo;exciter, j&amp;rsquo;en ai clairement rien \u00e0 foutre (&amp;#8230;). Votre religion, c&amp;rsquo;est de la merde, votre Dieu, je lui mets un doigt dans le trou du cul, merci, au revoir. Vous m&amp;rsquo;insultez et vous me menacez de mort, vous n&amp;rsquo;\u00eates bons qu&amp;rsquo;\u00e0 \u00e7a\u00a0\u00bb&lt;\/em&gt;.'><sup>1<\/sup><\/a><\/span>, plusieurs responsables politiques ou religieux ont fait preuve d&rsquo;une indignit\u00e9 et d&rsquo;une l\u00e9g\u00e8ret\u00e9 criminelles.<\/p>\n\n\n\n<!--more-->\n\n\n\n<p>Le vendredi 24 janvier, le d\u00e9l\u00e9gu\u00e9 g\u00e9n\u00e9ral du Conseil fran\u00e7ais du culte musulman Abdallah Zekri d\u00e9clarait \u00e0 Sud Radio&nbsp;:&nbsp;\u00ab&nbsp;<em>Cette fille sait tr\u00e8s bien ce qu&rsquo;elle fait. Qui s\u00e8me le vent r\u00e9colte la temp\u00eate.<\/em> [\u2026] <em>Elle l\u2019a cherch\u00e9, elle assume<\/em>&nbsp;\u00bb.<\/p>\n\n\n\n<p>Le mercredi 29 janvier, la ministre de la Justice Nicole Belloubet d\u00e9clarait sur Europe 1&nbsp;:&nbsp;\u00ab&nbsp;<em>Dans une d\u00e9mocratie, la menace de mort est inacceptable<\/em> [\u2026]. <em>L&rsquo;insulte \u00e0 la religion, c&rsquo;est \u00e9videmment une atteinte \u00e0 la libert\u00e9 de conscience<\/em> (sic)<em>, c&rsquo;est grave, mais \u00e7a n&rsquo;a pas \u00e0 voir avec la menace<\/em> [de mort]&nbsp;\u00bb. Plus tard, elle affirmera avoir \u00e9t\u00e9 maladroite.<\/p>\n\n\n\n<p>Le dimanche 2 f\u00e9vrier, S\u00e9gol\u00e8ne Royal d\u00e9clarait sur France&nbsp;3.&nbsp;<em>\u00ab\u00a0Je refuse d&rsquo;\u00e9riger une adolescente qui manque de respect comme le parangon de la libert\u00e9 d&rsquo;expression, s\u00fbrement pas\u00a0\u00bb<\/em>.<\/p>\n\n\n\n<p>\u00c0 l&rsquo;\u00e9poque Mila fait l\u2019objet d&rsquo;une avalanche de cyber-messages homophobes et misogynes. Certains internautes qui l&rsquo;ont reconnue d\u00e9voilent son ident\u00e9, son adresse, l&rsquo;adresse de son lyc\u00e9e. D&rsquo;autres affirment qu&rsquo;ils vont l&rsquo;attendre \u00e0 la sortie des cours pour lui faire la peau. Elle est menac\u00e9e de viol. Elle vit encore aujourd&rsquo;hui sous protection polici\u00e8re.<\/p>\n","protected":false},"excerpt":{"rendered":"<p>Au moment de l&rsquo;affaire Mila, plusieurs responsables politiques ou religieux ont fait preuve d&rsquo;une indignit\u00e9 et d&rsquo;une l\u00e9g\u00e8ret\u00e9 criminelles.<\/p>\n","protected":false},"author":1,"featured_media":3095,"comment_status":"open","ping_status":"open","sticky":false,"template":"","format":"standard","meta":[],"categories":[6,20,22],"tags":[],"ppma_author":[76],"authors":[{"term_id":76,"user_id":1,"is_guest":0,"slug":"fred","display_name":"Fred","avatar_url":"https:\/\/secure.gravatar.com\/avatar\/ec0326d654fdf9f66e9eb42bb34a9bc4?s=96&d=mm&r=g","description":"","first_name":"","last_name":"","user_url":""}],"_links":{"self":[{"href":"https:\/\/blog.douzeb.is\/index.php?rest_route=\/wp\/v2\/posts\/3094"}],"collection":[{"href":"https:\/\/blog.douzeb.is\/index.php?rest_route=\/wp\/v2\/posts"}],"about":[{"href":"https:\/\/blog.douzeb.is\/index.php?rest_route=\/wp\/v2\/types\/post"}],"author":[{"embeddable":true,"href":"https:\/\/blog.douzeb.is\/index.php?rest_route=\/wp\/v2\/users\/1"}],"replies":[{"embeddable":true,"href":"https:\/\/blog.douzeb.is\/index.php?rest_route=%2Fwp%2Fv2%2Fcomments&post=3094"}],"version-history":[{"count":5,"href":"https:\/\/blog.douzeb.is\/index.php?rest_route=\/wp\/v2\/posts\/3094\/revisions"}],"predecessor-version":[{"id":3282,"href":"https:\/\/blog.douzeb.is\/index.php?rest_route=\/wp\/v2\/posts\/3094\/revisions\/3282"}],"wp:featuredmedia":[{"embeddable":true,"href":"https:\/\/blog.douzeb.is\/index.php?rest_route=\/wp\/v2\/media\/3095"}],"wp:attachment":[{"href":"https:\/\/blog.douzeb.is\/index.php?rest_route=%2Fwp%2Fv2%2Fmedia&parent=3094"}],"wp:term":[{"taxonomy":"category","embeddable":true,"href":"https:\/\/blog.douzeb.is\/index.php?rest_route=%2Fwp%2Fv2%2Fcategories&post=3094"},{"taxonomy":"post_tag","embeddable":true,"href":"https:\/\/blog.douzeb.is\/index.php?rest_route=%2Fwp%2Fv2%2Ftags&post=3094"},{"taxonomy":"author","embeddable":true,"href":"https:\/\/blog.douzeb.is\/index.php?rest_route=%2Fwp%2Fv2%2Fppma_author&post=3094"}],"curies":[{"name":"wp","href":"https:\/\/api.w.org\/{rel}","templated":true}]}}