{"id":3074,"date":"2020-10-21T19:00:24","date_gmt":"2020-10-21T17:00:24","guid":{"rendered":"https:\/\/blog.atlant.is\/?p=3074"},"modified":"2021-02-21T10:38:35","modified_gmt":"2021-02-21T08:38:35","slug":"sauvegarder-la-maison-commune","status":"publish","type":"post","link":"https:\/\/blog.douzeb.is\/?p=3074","title":{"rendered":"Sauvegarder la maison commune"},"content":{"rendered":"\n<div class=\"wp-block-image\"><figure class=\"aligncenter size-large\"><img decoding=\"async\" loading=\"lazy\" width=\"1024\" height=\"360\" src=\"https:\/\/blog.atlant.is\/wp-content\/uploads\/2020\/10\/laudato-si-1024x360.jpg\" alt=\"\" class=\"wp-image-3080\" srcset=\"https:\/\/blog.douzeb.is\/wp-content\/uploads\/2020\/10\/laudato-si-1024x360.jpg 1024w, https:\/\/blog.douzeb.is\/wp-content\/uploads\/2020\/10\/laudato-si-300x106.jpg 300w, https:\/\/blog.douzeb.is\/wp-content\/uploads\/2020\/10\/laudato-si-768x270.jpg 768w, https:\/\/blog.douzeb.is\/wp-content\/uploads\/2020\/10\/laudato-si-1200x422.jpg 1200w, https:\/\/blog.douzeb.is\/wp-content\/uploads\/2020\/10\/laudato-si.jpg 1262w\" sizes=\"(max-width: 1024px) 100vw, 1024px\" \/><\/figure><\/div>\n\n\n\n<p><a href=\"http:\/\/www.vatican.va\/content\/dam\/francesco\/pdf\/encyclicals\/documents\/papa-francesco_20150524_enciclica-laudato-si_fr.pdf\">Laudato si&rsquo;<\/a>, deuxi\u00e8me encyclique du Pape Fran\u00e7ois.<\/p>\n\n\n\n<!--more-->\n\n\n\n<div class=\"wp-block-pdfjsblock-pdfjs-embed pdfjs-wrapper\"><\/div>\n\n\n\n<blockquote class=\"wp-block-quote\"><p>La vision consum\u00e9riste de l\u2019\u00eatre humain, encourag\u00e9e par les engrenages de l\u2019\u00e9conomie globalis\u00e9e actuelle, tend \u00e0 homog\u00e9n\u00e9iser les cultures et \u00e0 affaiblir l\u2019immense vari\u00e9t\u00e9 culturelle, qui est un tr\u00e9sor de l\u2019humanit\u00e9.<\/p><cite>Laudato si&rsquo; &#8211; 144<\/cite><\/blockquote>\n\n\n\n<blockquote class=\"wp-block-quote\"><p>L\u2019\u00e9cologie humaine est ins\u00e9parable de la notion de bien commun, un principe qui joue un r\u00f4le central et unificateur dans l\u2019\u00e9thique sociale.<\/p><cite>Laudato si&rsquo; &#8211; 156<\/cite><\/blockquote>\n","protected":false},"excerpt":{"rendered":"<p>Laudato si&rsquo;, deuxi\u00e8me encyclique du Pape Fran\u00e7ois.<\/p>\n","protected":false},"author":1,"featured_media":3080,"comment_status":"open","ping_status":"open","sticky":false,"template":"","format":"standard","meta":[],"categories":[20,12,10],"tags":[],"ppma_author":[76],"authors":[{"term_id":76,"user_id":1,"is_guest":0,"slug":"fred","display_name":"Fred","avatar_url":"https:\/\/secure.gravatar.com\/avatar\/ec0326d654fdf9f66e9eb42bb34a9bc4?s=96&d=mm&r=g","description":"","first_name":"","last_name":"","user_url":""}],"_links":{"self":[{"href":"https:\/\/blog.douzeb.is\/index.php?rest_route=\/wp\/v2\/posts\/3074"}],"collection":[{"href":"https:\/\/blog.douzeb.is\/index.php?rest_route=\/wp\/v2\/posts"}],"about":[{"href":"https:\/\/blog.douzeb.is\/index.php?rest_route=\/wp\/v2\/types\/post"}],"author":[{"embeddable":true,"href":"https:\/\/blog.douzeb.is\/index.php?rest_route=\/wp\/v2\/users\/1"}],"replies":[{"embeddable":true,"href":"https:\/\/blog.douzeb.is\/index.php?rest_route=%2Fwp%2Fv2%2Fcomments&post=3074"}],"version-history":[{"count":5,"href":"https:\/\/blog.douzeb.is\/index.php?rest_route=\/wp\/v2\/posts\/3074\/revisions"}],"predecessor-version":[{"id":3283,"href":"https:\/\/blog.douzeb.is\/index.php?rest_route=\/wp\/v2\/posts\/3074\/revisions\/3283"}],"wp:featuredmedia":[{"embeddable":true,"href":"https:\/\/blog.douzeb.is\/index.php?rest_route=\/wp\/v2\/media\/3080"}],"wp:attachment":[{"href":"https:\/\/blog.douzeb.is\/index.php?rest_route=%2Fwp%2Fv2%2Fmedia&parent=3074"}],"wp:term":[{"taxonomy":"category","embeddable":true,"href":"https:\/\/blog.douzeb.is\/index.php?rest_route=%2Fwp%2Fv2%2Fcategories&post=3074"},{"taxonomy":"post_tag","embeddable":true,"href":"https:\/\/blog.douzeb.is\/index.php?rest_route=%2Fwp%2Fv2%2Ftags&post=3074"},{"taxonomy":"author","embeddable":true,"href":"https:\/\/blog.douzeb.is\/index.php?rest_route=%2Fwp%2Fv2%2Fppma_author&post=3074"}],"curies":[{"name":"wp","href":"https:\/\/api.w.org\/{rel}","templated":true}]}}