{"id":3048,"date":"2020-10-21T15:12:04","date_gmt":"2020-10-21T13:12:04","guid":{"rendered":"https:\/\/blog.atlant.is\/?p=3048"},"modified":"2021-02-21T10:39:53","modified_gmt":"2021-02-21T08:39:53","slug":"la-corde-pour-nous-pendre","status":"publish","type":"post","link":"https:\/\/blog.douzeb.is\/?p=3048","title":{"rendered":"La corde pour nous pendre"},"content":{"rendered":"\n<div class=\"wp-block-image\"><figure class=\"aligncenter size-large\"><img decoding=\"async\" loading=\"lazy\" width=\"740\" height=\"370\" src=\"https:\/\/blog.atlant.is\/wp-content\/uploads\/2020\/10\/no-face-spirit.jpg\" alt=\"\" class=\"wp-image-3060\" srcset=\"https:\/\/blog.douzeb.is\/wp-content\/uploads\/2020\/10\/no-face-spirit.jpg 740w, https:\/\/blog.douzeb.is\/wp-content\/uploads\/2020\/10\/no-face-spirit-300x150.jpg 300w\" sizes=\"(max-width: 740px) 100vw, 740px\" \/><figcaption>Chihiro : le sans-visage corrompt les villageois \u00e0 l&rsquo;aide de cailloux dor\u00e9s<\/figcaption><\/figure><\/div>\n\n\n\n<p>R\u00e9action mercredi 21 octobre de Richard Ferrand, pr\u00e9sident de l&rsquo;Assembl\u00e9e nationale, aux propos jug\u00e9s intempestifs sur les <em>rayons communautaires des supermarch\u00e9s<\/em> du ministre de l&rsquo;Int\u00e9rieur G\u00e9rald Darmanin le mardi 20 octobre 2020, et exemple<em> assez d\u00e9rangeant<\/em> choisi par Richard Ferrand pour en prendre le contrepied :<\/p>\n\n\n\n<div class=\"arve wp-block-nextgenthemes-arve\" data-mode=\"normal\" data-oembed=\"1\" data-provider=\"dailymotion\" id=\"arve-dailymotion-x7wyec469f509f6bf00a140933574\">\n<span class=\"arve-inner\">\n<span class=\"arve-embed arve-embed--has-aspect-ratio\" style=\"aspect-ratio: 500 \/ 281\">\n<span class=\"arve-ar\" style=\"padding-top:56.200000%\"><\/span><iframe allow=\"accelerometer; autoplay; clipboard-write; encrypted-media; gyroscope; picture-in-picture\" allowfullscreen class=\"arve-iframe fitvidsignore\" data-arve=\"arve-dailymotion-x7wyec469f509f6bf00a140933574\" data-src-no-ap=\"https:\/\/www.dailymotion.com\/embed\/video\/x7wyec4?pubtool=oembed&amp;logo=0&amp;hideInfos=1&amp;related=0&amp;autoplay=0\" frameborder=\"0\" height=\"0\" sandbox=\"allow-scripts allow-same-origin allow-presentation allow-popups allow-popups-to-escape-sandbox\" scrolling=\"no\" src=\"https:\/\/www.dailymotion.com\/embed\/video\/x7wyec4?pubtool=oembed&#038;logo=0&#038;hideInfos=1&#038;related=0&#038;autoplay=0\"><\/iframe>\n\n<\/span>\n\n<\/span>\n<script type=\"application\/ld+json\">{\"@context\":\"http:\\\/\\\/schema.org\\\/\",\"@id\":\"https:\\\/\\\/blog.douzeb.is\\\/?p=3048#arve-dailymotion-x7wyec469f509f6bf00a140933574\",\"type\":\"VideoObject\",\"embedURL\":\"https:\\\/\\\/www.dailymotion.com\\\/embed\\\/video\\\/x7wyec4?pubtool=oembed&logo=0&hideInfos=1&related=0&autoplay=0\"}<\/script>\n<\/div>\n\n\n\n\n<!--more-->\n\n\n\n<blockquote class=\"wp-block-quote\"><p>Moi dans ma circonscription \u00e0 Ch\u00e2teaulin il y a une grande entreprise qui exporte 500 000 tonnes de poulet par an vers l&rsquo;Arabie Saoudite et c&rsquo;est du poulet Halal, alors je constate que quand \u00e7a permet \u00e0 des fili\u00e8res enti\u00e8res de vivre, \u00e0 des entreprises de prosp\u00e9rer, et bien, on consid\u00e8re qu&rsquo;on s&rsquo;adapte \u00e0 la demande du march\u00e9, donc ce n&rsquo;est pas un sujet.<\/p><\/blockquote>\n\n\n\n<p class=\"has-accent-color has-text-color\">Bah&#8230; justement, si&#8230; peut-\u00eatre que c&rsquo;est un sujet.<\/p>\n\n\n\n<h2>References<\/h2>\n\n\n\n<h3>La corde<\/h3>\n\n\n\n<p>\u041a\u0430\u043f\u0438\u0442\u0430\u043b\u0438\u0441\u0442\u044b \u0441\u0430\u043c\u0438 \u043f\u0440\u043e\u0434\u0430\u0434\u0443\u0442 \u043d\u0430\u043c \u0432\u0435\u0440\u0435\u0432\u043a\u0443, \u043d\u0430 \u043a\u043e\u0442\u043e\u0440\u043e\u0439 \u043c\u044b \u0438\u0445 \u043f\u043e\u0432\u0435\u0441\u0438\u043c. (Les capitalistes vendront la corde \u00e0 laquelle nous les pendrons.)<br>&#8212; Citation apocryphe attribu\u00e9e \u00e0 Vladimir Ilitch L\u00e9nine<\/p>\n\n\n\n<h3>Le capitalisme patriote<\/h3>\n\n\n\n<p>L&rsquo;intervention<span id='easy-footnote-1-3048' class='easy-footnote-margin-adjust'><\/span><span class='easy-footnote'><a href='https:\/\/blog.douzeb.is\/?p=3048#easy-footnote-bottom-1-3048' title='Transcription Google : Moi \u00e7a m&amp;rsquo;a toujours choqu\u00e9 d&amp;rsquo;entrer dans un hypermarch\u00e9 est de voir qu avait en arrivant en rayon de tels cuisines communautaires et de telle autre \u00e0 c\u00f4t\u00e9 voil\u00e0 en tout cas moi c&amp;rsquo;est mon opinion c&amp;rsquo;est comme \u00e7a que \u00e7a commence communautarisme je pense mais attendez c&amp;rsquo;est votre opinion \u00e0 ce que \u00e7a veut dire qu&amp;rsquo;il faudrait aller plus loin que voudriez voir cesser ces choses-l\u00e0 dispara\u00eetre non mais moi j&amp;rsquo;ai mon opinion et mon opinion n&amp;rsquo;est pas heureusement que toutes les opinions ne font pas partie de la loi de la r\u00e9publique non mais vous \u00eates en milices de la triumph et oui mais mise \u00e0 l&amp;rsquo;int\u00e9rieur il est par d\u00e9finition il fait pas la loi c&amp;rsquo;est les parlementaires qui la font et moi je pense que le capitalisme fran\u00e7ais le capitalisme mondial a une responsabilit\u00e9 quand on fait quand on quand on vend des v\u00eatements communautaire peut-\u00eatre qu&amp;rsquo;on a une petite responsabilit\u00e9 dans le communautarisme lors ce qu&amp;rsquo;on pr\u00eate de l&amp;rsquo;argent \u00e0 un certain nombre d&amp;rsquo;associations des banques qu&amp;rsquo;ils le font ou des actions ou des flux financiers quelconque qu&amp;rsquo;ils soient fran\u00e7ais ou \u00e9trangers d&amp;rsquo;ailleurs mais o\u00f9 \u00e0 des entreprises tr\u00e8s communautaire parce qu&amp;rsquo;\u00e0 des gens qu&amp;rsquo;ils peuvent c&amp;rsquo;est dans certains quartiers vivent totalement communautaire et on ne peut pas leur en vouloir on leur offre que \u00e7a voil\u00e0 peut-\u00eatre une petite responsabilit\u00e9s moi je dis \u00e7a mais le service public on peut toujours reprocher aux policiers aux gendarmes aux professeurs pourquoi il n&amp;rsquo;a pas \u00e9t\u00e9 plus dur plus rude plus fort il ya dans la soci\u00e9t\u00e9 civile des gens qui aussi doivent comprendre que c&amp;rsquo;est pas parce qu&amp;rsquo;on a des parts de march\u00e9 en flattant quelques bases instinct qu&amp;rsquo;on a rendu service au bien commun donc j&amp;rsquo;appelle effectivement tr\u00e8s modestement et chefs d&amp;rsquo;entreprises \u00e0 se rendre compte au 6e peuvent contribuer \u00e0 la paix publique et au fait qu&amp;rsquo;on peut lutter contre le s\u00e9paratisme mais juste une chose on pense \u00e0 ceux qui nous regardent et qui mangent halal casher etc il faut \u00e9videmment qu&amp;rsquo;ils fassent leurs cours mais c&amp;rsquo;est l&amp;rsquo;aubaine c&amp;rsquo;est l&amp;rsquo;horreur a c&amp;rsquo;est leur responsabilit\u00e9 abus stricte qu&amp;rsquo;on aille dans un hypermarch\u00e9 de cacher pour ou halal pour acheter des produits chacun peut le faire o\u00f9 est le probl\u00e8me je dis juste que des grandes entreprises fran\u00e7aises qui organise et parfois on va dire le marketing direct on va dire \u00e7a comme \u00e7a \u00e0 mon avis ils n&amp;rsquo;ont pas parl\u00e9 \u00e0 la type de population parce qu&amp;rsquo;ils avaient envie d&amp;rsquo;offrir \u00e0 cette population telle ou telle consommation tout \u00e0 fait respectable mais parce qu&amp;rsquo;ils ont envie de gagner de l&amp;rsquo;argent sur le communautarisme et moi personnellement \u00e7a me choque et permettez-moi dire que si on peut demander des comptes aux hommes politiques et c&amp;rsquo;est tout \u00e0 fait normal ils sont l\u00e0 pour \u00e7a on peut aussi dire au capitalisme qui de temps en temps patriote'><sup>1<\/sup><\/a><\/span> de G\u00e9rald Darmanin le 20 octobre 2020 :<\/p>\n\n\n\n<div class=\"arve wp-block-nextgenthemes-arve\" data-mode=\"normal\" data-oembed=\"1\" data-provider=\"youtube\" id=\"arve-youtube-tz3dmxis57i69f509f6c1050352863050\">\n<span class=\"arve-inner\">\n<span class=\"arve-embed arve-embed--has-aspect-ratio\" style=\"aspect-ratio: 500 \/ 281\">\n<span class=\"arve-ar\" style=\"padding-top:56.200000%\"><\/span><iframe allow=\"accelerometer; autoplay; clipboard-write; encrypted-media; gyroscope; picture-in-picture\" allowfullscreen class=\"arve-iframe fitvidsignore\" data-arve=\"arve-youtube-tz3dmxis57i69f509f6c1050352863050\" data-src-no-ap=\"https:\/\/www.youtube.com\/embed\/tZ3DMxIs57I?feature=oembed&amp;iv_load_policy=3&amp;modestbranding=1&amp;rel=0&amp;autohide=1&amp;playsinline=0&amp;autoplay=0\" frameborder=\"0\" height=\"0\" sandbox=\"allow-scripts allow-same-origin allow-presentation allow-popups allow-popups-to-escape-sandbox\" scrolling=\"no\" src=\"https:\/\/www.youtube.com\/embed\/tZ3DMxIs57I?feature=oembed&#038;iv_load_policy=3&#038;modestbranding=1&#038;rel=0&#038;autohide=1&#038;playsinline=0&#038;autoplay=0\"><\/iframe>\n\n<\/span>\n\n<\/span>\n<script type=\"application\/ld+json\">{\"@context\":\"http:\\\/\\\/schema.org\\\/\",\"@id\":\"https:\\\/\\\/blog.douzeb.is\\\/?p=3048#arve-youtube-tz3dmxis57i69f509f6c1050352863050\",\"type\":\"VideoObject\",\"embedURL\":\"https:\\\/\\\/www.youtube.com\\\/embed\\\/tZ3DMxIs57I?feature=oembed&iv_load_policy=3&modestbranding=1&rel=0&autohide=1&playsinline=0&autoplay=0\"}<\/script>\n<\/div>\n\n\n\n\n<blockquote class=\"wp-block-quote\"><p>Des grandes entreprises fran\u00e7aises [&#8230;] ont envie de gagner de l&rsquo;argent sur le communautarisme et moi personnellement \u00e7a me choque et permettez-moi dire que si on peut demander des comptes aux hommes politiques [&#8230;] on peut aussi dire au capitalisme qu&rsquo;il peut \u00eatre de temps en temps patriote.<\/p><\/blockquote>\n\n\n\n<h3>Mais vous vous rendez-compte !<\/h3>\n\n\n\n<p>Sur le m\u00eame sujet : rappel de l&rsquo;intervention de Denis Jeambar, ancien directeur de l&rsquo;Express, \u00e0 propos de la publication des caricatures de Mahomet par l&rsquo;hebdomadaire le mercredi 9 f\u00e9vrier 2006 (extrait du documentaire de Daniel Leconte sur le premier proc\u00e8s Charlie Hebdo, entre 04:30 et 07:17) :<\/p>\n\n\n\n<div class=\"arve wp-block-nextgenthemes-arve\" data-mode=\"normal\" data-provider=\"dailymotion\" id=\"arve-dailymotion-x7q72oy69f509f6c2b53212823597\">\n<span class=\"arve-inner\">\n<span class=\"arve-embed arve-embed--has-aspect-ratio\">\n<span class=\"arve-ar\" style=\"padding-top:56.250000%\"><\/span><iframe allow=\"accelerometer; autoplay; clipboard-write; encrypted-media; gyroscope; picture-in-picture\" allowfullscreen class=\"arve-iframe fitvidsignore\" data-arve=\"arve-dailymotion-x7q72oy69f509f6c2b53212823597\" data-src-no-ap=\"https:\/\/www.dailymotion.com\/embed\/video\/x7q72oy?logo=0&amp;hideInfos=1&amp;related=0&amp;autoplay=0\" frameborder=\"0\" height=\"0\" sandbox=\"allow-scripts allow-same-origin allow-presentation allow-popups allow-popups-to-escape-sandbox\" scrolling=\"no\" src=\"https:\/\/www.dailymotion.com\/embed\/video\/x7q72oy?logo=0&#038;hideInfos=1&#038;related=0&#038;autoplay=0\"><\/iframe>\n\n<\/span>\n\n<\/span>\n<script type=\"application\/ld+json\">{\"@context\":\"http:\\\/\\\/schema.org\\\/\",\"@id\":\"https:\\\/\\\/blog.douzeb.is\\\/?p=3048#arve-dailymotion-x7q72oy69f509f6c2b53212823597\",\"type\":\"VideoObject\",\"embedURL\":\"https:\\\/\\\/www.dailymotion.com\\\/embed\\\/video\\\/x7q72oy?logo=0&hideInfos=1&related=0&autoplay=0\"}<\/script>\n<\/div>\n\n\n\n\n<p>Denis Jeambar<span id='easy-footnote-2-3048' class='easy-footnote-margin-adjust'><\/span><span class='easy-footnote'><a href='https:\/\/blog.douzeb.is\/?p=3048#easy-footnote-bottom-2-3048' title='Voir aussi &lt;a href=&quot;https:\/\/www.lexpress.fr\/actualite\/societe\/ne-rien-ceder_483059.html&quot;&gt;l&amp;rsquo;\u00e9ditorial du 9 f\u00e9vrier 2020&lt;\/a&gt; de Denis Jeambard.'><sup>2<\/sup><\/a><\/span>, raconte l&rsquo;\u00e9change qu&rsquo;il a eu avec le propri\u00e9taire du journal, le soir du 7 f\u00e9vrier, alors que l&rsquo;Express \u00e9tait d\u00e9j\u00e0 sous presse &#8212; Serge Dassault : \u00ab\u00a0Vous ne publiez pas les caricatures. [\u2026] Faut absolument arr\u00eater tout \u00e7a tout de suite. [\u2026] Mais vous vous rendez compte ! Le pr\u00e9sident va en Arabie Saoudite dans quinze jours\u00a0\u00bb<br>(et ce voyage avait \u00e0 la clef un certain nombre de contrats).<\/p>\n\n\n\n<h3>La France cupide<\/h3>\n\n\n\n<p>Voir aussi <a href=\"https:\/\/twitter.com\/jeannettebougra\">Jeannette Bougrab<\/a> le 17 octobre 2020 sur TV5Monde<span id='easy-footnote-3-3048' class='easy-footnote-margin-adjust'><\/span><span class='easy-footnote'><a href='https:\/\/blog.douzeb.is\/?p=3048#easy-footnote-bottom-3-3048' title='Transcript Google : jeannette bougrab on commence avec vous qu&amp;rsquo;est ce qui vous a d\u00e9cid\u00e9 au juste \u00e0 parler de cette guerre au y\u00e9men qui il faut le dire vous avez raison et carr\u00e9ment oubli\u00e9s dans les grands m\u00e9dias internationaux elle et elle est oubli\u00e9e alors m\u00eame que d&amp;rsquo;apr\u00e8s certaines ong c&amp;rsquo;est plus de 200000 morts en presque six ans de guerre ce qui m&amp;rsquo;a fait d\u00e9cid\u00e9 d&amp;rsquo;abord j&amp;rsquo;\u00e9tais au y\u00e9men j&amp;rsquo;ai le privil\u00e8ge de pouvoir aller \u00e0 sanaa en 2014 pour un documentaire que je tournais sur interdits d&amp;rsquo;\u00e9cole ses petites filles qu&amp;rsquo;on interdit d&amp;rsquo;aller \u00e0 l&amp;rsquo;\u00e9cole et j&amp;rsquo;avais \u00e9t\u00e9 frapp\u00e9 en fait part par la beaut\u00e9 et la s\u00e9r\u00e9nit\u00e9 qui se d\u00e9gage de sanaa et quand on garde des liens forc\u00e9ment parce que c&amp;rsquo;est le y\u00e9men c&amp;rsquo;est ce pays o\u00f9 on se met dans les pattes des plus grands se met dans les pas de rimbaud on se met dans les pas d&amp;rsquo;un mall road 1 10 ans l\u00e0 romain gary en fait d&amp;rsquo;un albert londres eh bien on peut pas on peut pas \u00eatre touch\u00e9 par ces tapis de bombes qui sont largu\u00e9es par les saoudiens et ce qui m&amp;rsquo;avait frapp\u00e9 moi c&amp;rsquo;\u00e9tait la une du new york times o\u00f9 vous vous souvenez il y avait au lendemain de l&amp;rsquo;assassin\u00e2t du journaliste jamais le gars chaud guidant le consulat saoudien \u00e0 istanbul la r\u00e9daction du new york times \u00e9tait interrog\u00e9 de savoir parce que cette occasion l\u00e0 on avait notamment reparler d&amp;rsquo;agde h\u00e9rault y\u00e9men il s&amp;rsquo;\u00e9tait dit mais comment la mort d&amp;rsquo;un seul homme fait plus parler d&amp;rsquo;un conflit que des milliers d&amp;rsquo;enfants qui sont qui meurt soit sous des gravats parce que des bombes ont \u00e9t\u00e9 largu\u00e9es soit parce qu&amp;rsquo;ils meurent de faim parce que dans cette sale guerre eh bien on utilise la famine comme arme de guerre et le que les am\u00e9ricains du new york times il courage c&amp;rsquo;est pas facile de montrer des enfants ou dassier avait toute la question des sanctions en fait c&amp;rsquo;\u00e9tait \u00e7a la question comment voit on envisageait des sanctions comme on envisage des sanctions mais il est je trouve qu&amp;rsquo;aux \u00e9tats unis il ya au moins ce m\u00e9rite l\u00e0 c&amp;rsquo;est \u00e0 dire que il ya eu d&amp;rsquo;abord le washington post il ya eu le new york times tout c&amp;rsquo;est tout les grands journaux se sont mobilis\u00e9s m\u00e9ga show bis \u00e9tait correspondant pour le washington post mais surtout il y a eu une motion qui a \u00e9t\u00e9 vot\u00e9 au s\u00e9nat et la chambre des repr\u00e9sentants d&amp;rsquo;une part pour condamner l&amp;rsquo;assassin\u00e2t de gazouillis et deuxi\u00e8mement pour demander aux \u00e9tats unis de revoir sa politique de soutien en fait al arabi auditer \u00e0 la coalition en r\u00e9alit\u00e9 d&amp;rsquo;\u00e9tat qui quittent qui tue au y\u00e9men c&amp;rsquo;est la plus grande catastrophe humanitaire aujourd&amp;rsquo;hui et on n&amp;rsquo;en parle pas pourtant cette zone ali strat\u00e9gique elle et elle et elle est d\u00e9terminante donc et comme on est en sous main en r\u00e9alit\u00e9 dans ce conflit l\u00e0 on n&amp;rsquo;en parle pas alors pour qu&amp;rsquo;on comprenne bien vous \u00eates all\u00e9 au y\u00e9men en 2014 un an plus tard en 2015 il ya donc l&amp;rsquo;arabie saoudite qui prend la coalition arabe qui va bombarder ce sont deux r\u00e9alit\u00e9s on a un jeune prince mohamed ben slama qui viennent ben salman pardonnez moi quand l&amp;rsquo;on conna\u00eet d\u00e9sormais sous son acronyme mbe end mais des am\u00e9ricains sont mauvaises ne peuvent parfois \u00eatre assez l&amp;rsquo;appelle mister bonne sa\u00f4ne depuis depuis l&amp;rsquo;assassin\u00e2t gachoud gay donc monsieur qui s&amp;rsquo;il qui s&amp;rsquo;il est qu&amp;rsquo;ici les os il est jeune ministre de la d\u00e9fense et un app\u00e9tit de pouvoir et il a envie d&amp;rsquo;avoir sa guerre pour asseoir son pouvoir et il prend pr\u00e9texte en r\u00e9alit\u00e9 du soul\u00e8vement en fait qu&amp;rsquo;il y a eu au y\u00e9men en fait depuis le printemps arabe puisqu&amp;rsquo;il ya la jeunesse l&amp;rsquo;ilm\u00e9nite comme ailleurs s&amp;rsquo;est rebell\u00e9 elle servait en tunisie et s&amp;rsquo;est rebell\u00e9 ans en egypte le y\u00e9men va conna\u00eetre aussi ces mouvements l\u00e0 un peu plus tard mais il valait conna\u00eetre avec une r\u00e9bellion chiite arm\u00e9 les outils oui mais c&amp;rsquo;est pas totalement totalement en r\u00e9alit\u00e9 ce qui va se passer c&amp;rsquo;est que le pr\u00e9sident saleh va tomber donc sans son dauphin prend le pouvoir et en fait c&amp;rsquo;est plus compliqu\u00e9 que \u00e7a puisque saleh qui a \u00e9t\u00e9 l&amp;rsquo;ennemi jur\u00e9 des outils va s&amp;rsquo;allier avec les outils compte contre son dauphin donc la lecture simpliste que l&amp;rsquo;on fait en dix ans les gentils sunnites et les vilains sle vais en ville un chiite soutenu par l&amp;rsquo;iran a par l&amp;rsquo;iran utilise donc mais c&amp;rsquo;est pour en r\u00e9alit\u00e9 en r\u00e9alit\u00e9 camoufle camoufler cacher des crimes de guerre qui sont en train d&amp;rsquo;\u00eatre caus\u00e9s les violations les plus fondamentaux plus grave au droit humanitaire et c&amp;rsquo;est pas moi qui le dit c&amp;rsquo;est un rapport qui a \u00e9t\u00e9 rendu par des experts ind\u00e9pendants qui ont travaill\u00e9 pendant cinq ann\u00e9es dans un rapport qui a \u00e9t\u00e9 remis \u00e0 michelle bachelet quai haut commissaire aux droits de l&amp;rsquo;homme aux nations unies michelle bachelet ancienne pr\u00e9sidente du chili elle qui a connu les ge\u00f4les donc et qui a point\u00e9 du doigt trois \u00e9tats notamment puisque \u00e9videmment les bellig\u00e9rants ont \u00e9t\u00e9 \u00e9videmment point\u00e9 du doigt mais pas uniquement puisque la france le royaume uni et les etats unis ont \u00e9t\u00e9 point\u00e9s du doigt dans ce rapport de presque 300 pages en disant que ces trois \u00e9tats devraient faire attention et de cesser tout d&amp;rsquo;alimenter les armes les ventes d&amp;rsquo;armes aux bellig\u00e9rants car il \u00e9tait susceptible d&amp;rsquo;\u00eatre poursuivi pour complicit\u00e9 de crimes de guerre alors j&amp;rsquo;ai deux ans justement \u00e0 la voil\u00e0 justement j&amp;rsquo;ai bien vous parler notamment de l&amp;rsquo;entente de l&amp;rsquo;arabie saoudite de ces pays alli\u00e9s dans la r\u00e9gion les \u00e9mirats arabes unis mais aussi donc des nations occidentales la france la grande bretagne l&amp;rsquo;union europ\u00e9enne que reprochez-vous \u00e0 la france le netbook g et je reproche \u00e0 la france en r\u00e9alit\u00e9 d&amp;rsquo;avoir de deux d&amp;rsquo;\u00eatre cupide je reproche \u00e0 la france pays qui est cens\u00e9 \u00eatre porteur de valeurs universalistes de se dire que et bien alors m\u00eame que les pires crimes sont commis et on le sait par son alli\u00e9 saoudien est bien de fermer les yeux parce que effectivement sur la derni\u00e8re d\u00e9cennie la france a vendu pour 10 milliards d&amp;rsquo;euros d&amp;rsquo;armes \u00e0 l&amp;rsquo;arabie saoudite quand on voit ses enfants quand on voit le nombre de morts on pourrait tr\u00e8s bien dire et le pr\u00e9sident macron pourrait tr\u00e8s bien dira mohamed bin salman au bout de six ans puisque \u00e7a fera six ans au mois de mars \u00e7a suffit joe biden en en pleine campagne am\u00e9ricaine a bien dit qu&amp;rsquo;une fraiss\u00e9 c&amp;rsquo;est en fait la guerre au y\u00e9men donc on peut pas sous pr\u00e9texte que c&amp;rsquo;est un client au peut pas sous pr\u00e9texte que c&amp;rsquo;est un fournisseur en mati\u00e8re \u00e9nerg\u00e9tique fermer les yeux sur les plus graves violations du droit du droit humanitaire voil\u00e0 et c&amp;rsquo;est \u00e7a et en plus demain rien regardez ce qui s&amp;rsquo;est pass\u00e9 au royaume-uni m\u00eame le royaume uni vous avez l\u00e0 puisqu&amp;rsquo;il ya des associations qui attaquent les \u00e9tats pour dire il faut cesser les licences d&amp;rsquo;exportation il faut cesser de vendre des armes \u00e0 l&amp;rsquo;arabie saoudite parce que la strat\u00e9gique et celle de larguer des bombes un des sites arch\u00e9ologiques les plus pr\u00e9cieux qu&amp;rsquo;ils sont vieux de plusieurs mill\u00e9naires je pense \u00e0 marib la capitale de la reine de saba d\u00e9truit je parle m\u00eame pas de ses convois ces mariages ou des cibles sont civiles et le il claude angeli du canard encha\u00een\u00e9 la veille on en avait parl\u00e9 disclose en avait parl\u00e9 en fait ils attaquent des sites strat\u00e9giques qui contiennent soit des d\u00e9p\u00f4ts alimentaires l&amp;rsquo;eau potable et quand vous savez que 10 en train de 80% de la population et est en train de souffrir de la faim et que le pam vient d&amp;rsquo;avoir le programme alimentaire mondial vient d&amp;rsquo;avoir le prix nobel de la paix la moindre des choses c&amp;rsquo;est que la france qui est porteur de ces valeurs universelles devrait exiger de son alli\u00e9 qu&amp;rsquo;elle cesse de larguer des bombes alors on va prendre la direction de beyrouth apr\u00e8s ce t\u00e9moignage tr\u00e8s fort donc de jeannette bougrab avant de parler peut-\u00eatre amar abd rabo de votre exposition tout beyrouth peut \u00eatre une r\u00e9action sur ce qu&amp;rsquo;on vient d&amp;rsquo;entendre et sur le y\u00e9men une r\u00e9gion donc qui conna\u00eet tristement plusieurs guerres il ya la syrie il ya notamment toutes ces guerres aussi du c\u00f4t\u00e9 de la libye sur le y\u00e9men vous diriez que c&amp;rsquo;est un conflit oubli\u00e9 on en parle peut y compris m\u00eame au liban on en parle quand m\u00eame beaucoup [Musique] c&amp;rsquo;est un conflit terrible moi m\u00eame j&amp;rsquo;avais \u00e9t\u00e9 au y\u00e9men aussi je partage l&amp;rsquo;\u00e9motion de deux jeunes bougrab c&amp;rsquo;est un pays extraordinaire avec une histoire magnifique et on ne peut que \u00eatre boulevers\u00e9e par ce qui se passe malheureusement il ya aussi il faut dire les choses si une population qui est prise en otage par des milices pro iranienne qui on le voit aussi \u00e0 beyrouth un jeu dire tous et c&amp;rsquo;est cette g\u00e9opolitique est un peu la m\u00eame ailleurs effectivement on s&amp;rsquo;appuient parfois sur des mouvements populaires mais on a et un autre dessin contre lequel on doit aussi on sera devant lequel on doit aussi \u00eatre un peu prudent et pas faire offre d&amp;rsquo;autres na\u00efvet\u00e9 alors 4 ao\u00fbt donc oui oui allez-y tr\u00e8s bon parce que et quand les emiratis ali avec aq pas pour chasser l&amp;rsquo;outil \u00e7a pose un probl\u00e8me parce qu&amp;rsquo;elles ont la p\u00e9ninsule arabe et la pac avait lanc\u00e9 la fois toi contre charlie hebdo donc et quand on sait et celle enqu\u00eate qui avait \u00e9t\u00e9 faite par ap c&amp;rsquo;est de dire qu&amp;rsquo;en gros il finance des terroristes qui sont recherch\u00e9s par notamment par les am\u00e9ricains \u00e7a pose un probl\u00e8me donc ya pas de gentils dans cette guerre ya que des m\u00e9chants voil\u00e0'><sup>3<\/sup><\/a><\/span> :<\/p>\n\n\n\n<div class=\"arve wp-block-nextgenthemes-arve\" data-mode=\"normal\" data-oembed=\"1\" data-provider=\"youtube\" id=\"arve-youtube-a6bedxhspa469f509f6c4a9e869668039\">\n<span class=\"arve-inner\">\n<span class=\"arve-embed arve-embed--has-aspect-ratio\" style=\"aspect-ratio: 500 \/ 281\">\n<span class=\"arve-ar\" style=\"padding-top:56.200000%\"><\/span><iframe allow=\"accelerometer; autoplay; clipboard-write; encrypted-media; gyroscope; picture-in-picture\" allowfullscreen class=\"arve-iframe fitvidsignore\" data-arve=\"arve-youtube-a6bedxhspa469f509f6c4a9e869668039\" data-src-no-ap=\"https:\/\/www.youtube.com\/embed\/a6BeDxhsPA4?feature=oembed&amp;iv_load_policy=3&amp;modestbranding=1&amp;rel=0&amp;autohide=1&amp;playsinline=0&amp;autoplay=0\" frameborder=\"0\" height=\"0\" sandbox=\"allow-scripts allow-same-origin allow-presentation allow-popups allow-popups-to-escape-sandbox\" scrolling=\"no\" src=\"https:\/\/www.youtube.com\/embed\/a6BeDxhsPA4?feature=oembed&#038;iv_load_policy=3&#038;modestbranding=1&#038;rel=0&#038;autohide=1&#038;playsinline=0&#038;autoplay=0\"><\/iframe>\n\n<\/span>\n\n<\/span>\n<script type=\"application\/ld+json\">{\"@context\":\"http:\\\/\\\/schema.org\\\/\",\"@id\":\"https:\\\/\\\/blog.douzeb.is\\\/?p=3048#arve-youtube-a6bedxhspa469f509f6c4a9e869668039\",\"type\":\"VideoObject\",\"embedURL\":\"https:\\\/\\\/www.youtube.com\\\/embed\\\/a6BeDxhsPA4?feature=oembed&iv_load_policy=3&modestbranding=1&rel=0&autohide=1&playsinline=0&autoplay=0\"}<\/script>\n<\/div>\n\n\n\n\n<blockquote class=\"wp-block-quote\"><p>Je reproche \u00e0 la France d&rsquo;\u00eatre cupide, ce pays cens\u00e9 \u00eatre porteur de valeurs universalistes ferme les yeux sur les pires crimes de son alli\u00e9 saoudien.<\/p><\/blockquote>\n","protected":false},"excerpt":{"rendered":"<p>R\u00e9action mercredi 21 octobre de Richard Ferrand, pr\u00e9sident de l&rsquo;Assembl\u00e9e nationale, aux propos jug\u00e9s intempestifs sur les rayons communautaires des supermarch\u00e9s du ministre de l&rsquo;Int\u00e9rieur G\u00e9rald Darmanin le mardi 20 octobre 2020, et exemple assez d\u00e9rangeant choisi par Richard Ferrand pour en prendre le contrepied :<\/p>\n","protected":false},"author":1,"featured_media":3060,"comment_status":"open","ping_status":"open","sticky":false,"template":"","format":"standard","meta":[],"categories":[13,9],"tags":[],"ppma_author":[76],"authors":[{"term_id":76,"user_id":1,"is_guest":0,"slug":"fred","display_name":"Fred","avatar_url":"https:\/\/secure.gravatar.com\/avatar\/ec0326d654fdf9f66e9eb42bb34a9bc4?s=96&d=mm&r=g","description":"","first_name":"","last_name":"","user_url":""}],"_links":{"self":[{"href":"https:\/\/blog.douzeb.is\/index.php?rest_route=\/wp\/v2\/posts\/3048"}],"collection":[{"href":"https:\/\/blog.douzeb.is\/index.php?rest_route=\/wp\/v2\/posts"}],"about":[{"href":"https:\/\/blog.douzeb.is\/index.php?rest_route=\/wp\/v2\/types\/post"}],"author":[{"embeddable":true,"href":"https:\/\/blog.douzeb.is\/index.php?rest_route=\/wp\/v2\/users\/1"}],"replies":[{"embeddable":true,"href":"https:\/\/blog.douzeb.is\/index.php?rest_route=%2Fwp%2Fv2%2Fcomments&post=3048"}],"version-history":[{"count":21,"href":"https:\/\/blog.douzeb.is\/index.php?rest_route=\/wp\/v2\/posts\/3048\/revisions"}],"predecessor-version":[{"id":3284,"href":"https:\/\/blog.douzeb.is\/index.php?rest_route=\/wp\/v2\/posts\/3048\/revisions\/3284"}],"wp:featuredmedia":[{"embeddable":true,"href":"https:\/\/blog.douzeb.is\/index.php?rest_route=\/wp\/v2\/media\/3060"}],"wp:attachment":[{"href":"https:\/\/blog.douzeb.is\/index.php?rest_route=%2Fwp%2Fv2%2Fmedia&parent=3048"}],"wp:term":[{"taxonomy":"category","embeddable":true,"href":"https:\/\/blog.douzeb.is\/index.php?rest_route=%2Fwp%2Fv2%2Fcategories&post=3048"},{"taxonomy":"post_tag","embeddable":true,"href":"https:\/\/blog.douzeb.is\/index.php?rest_route=%2Fwp%2Fv2%2Ftags&post=3048"},{"taxonomy":"author","embeddable":true,"href":"https:\/\/blog.douzeb.is\/index.php?rest_route=%2Fwp%2Fv2%2Fppma_author&post=3048"}],"curies":[{"name":"wp","href":"https:\/\/api.w.org\/{rel}","templated":true}]}}