{"id":2964,"date":"2020-10-18T20:23:39","date_gmt":"2020-10-18T18:23:39","guid":{"rendered":"https:\/\/blog.atlant.is\/?p=2964"},"modified":"2021-02-21T10:49:55","modified_gmt":"2021-02-21T08:49:55","slug":"samuel-paty","status":"publish","type":"post","link":"https:\/\/blog.douzeb.is\/?p=2964","title":{"rendered":"Samuel Paty"},"content":{"rendered":"\n<figure class=\"wp-block-image size-large is-resized\"><img decoding=\"async\" loading=\"lazy\" src=\"https:\/\/blog.atlant.is\/wp-content\/uploads\/2020\/10\/je-suis-enseignant-1024x576.jpg\" alt=\"\" class=\"wp-image-3006\" width=\"512\" height=\"288\" srcset=\"https:\/\/blog.douzeb.is\/wp-content\/uploads\/2020\/10\/je-suis-enseignant-1024x576.jpg 1024w, https:\/\/blog.douzeb.is\/wp-content\/uploads\/2020\/10\/je-suis-enseignant-300x169.jpg 300w, https:\/\/blog.douzeb.is\/wp-content\/uploads\/2020\/10\/je-suis-enseignant-768x432.jpg 768w, https:\/\/blog.douzeb.is\/wp-content\/uploads\/2020\/10\/je-suis-enseignant-1200x675.jpg 1200w, https:\/\/blog.douzeb.is\/wp-content\/uploads\/2020\/10\/je-suis-enseignant.jpg 1350w\" sizes=\"(max-width: 512px) 100vw, 512px\" \/><\/figure>\n\n\n\n<h2>L&rsquo;allocution du chef de l&rsquo;\u00c9tat<\/h2>\n\n\n\n<p><a href=\"https:\/\/www.youtube.com\/watch?v=c7TTs8VNJ7s\" target=\"_blank\" rel=\"noreferrer noopener\">Allocution d&rsquo;Emmanuel Macron<\/a><span id='easy-footnote-1-2964' class='easy-footnote-margin-adjust'><\/span><span class='easy-footnote'><a href='https:\/\/blog.douzeb.is\/?p=2964#easy-footnote-bottom-1-2964' title='Emmanuel Macron : Je voulais ce soir, accompagn\u00e9 des Ministres, de monsieur le Maire, de monsieur le Pr\u00e9sident du Conseil d\u00e9partemental, de nos Pr\u00e9fets, de nos fonctionnaires ici, dire quelques mots.&lt;br&gt;&lt;br&gt;Un de nos concitoyens, dont je ne dirai pas de mani\u00e8re officielle le nom ce soir car notre Procureur s&amp;rsquo;exprimera dans les prochaines heures et il lui appartient de d\u00e9voiler l&amp;rsquo;ensemble des identit\u00e9s comme des faits, et donc je ne parlerai pas des d\u00e9tails de ce qui s&amp;rsquo;est pass\u00e9 ce soir \u00e0 Conflans, mais un de nos concitoyens a \u00e9t\u00e9 assassin\u00e9, aujourd&amp;rsquo;hui, parce qu&amp;rsquo;il enseignait, parce qu&amp;rsquo;il apprenait \u00e0 des \u00e9l\u00e8ves la libert\u00e9 d&amp;rsquo;expression, la libert\u00e9 de croire et de ne pas croire. Notre compatriote a \u00e9t\u00e9 l\u00e2chement attaqu\u00e9, a \u00e9t\u00e9 la victime d&amp;rsquo;un attentat terroriste islamiste caract\u00e9ris\u00e9.&lt;br&gt;&lt;br&gt;Ce soir, je veux avant toute chose avoir une pens\u00e9e pour l&amp;rsquo;ensemble de ses proches, sa famille, avoir une pens\u00e9e pour ses coll\u00e8gues ici, au coll\u00e8ge. Nous avons vu madame la Proviseure qui, avec un courage remarquable ces derni\u00e8res semaines, a tenu face \u00e0 toutes les pressions, a exerc\u00e9 son m\u00e9tier, fait son devoir avec un d\u00e9vouement remarquable. Je veux avoir un mot de soutien pour elle, l&amp;rsquo;ensemble des enseignants, l&amp;rsquo;ensemble de l&amp;rsquo;\u00e9quipe de ce coll\u00e8ge. Mais plus largement, je veux dire ce soir \u00e0 tous les enseignants de France que nous sommes avec eux, que la Nation toute enti\u00e8re sera l\u00e0 \u00e0 leurs c\u00f4t\u00e9s aujourd&amp;rsquo;hui et demain pour les prot\u00e9ger, les d\u00e9fendre, leur permettre de faire leur m\u00e9tier, qui est le plus beau qui soit, faire des citoyens libres.&lt;br&gt;&lt;br&gt;Il n&amp;rsquo;y a pas de hasard si ce soir, c&amp;rsquo;est un enseignant que ce terroriste a abattu, parce qu&amp;rsquo;il a voulu abattre la R\u00e9publique dans ses valeurs, les Lumi\u00e8res, la possibilit\u00e9 de faire de nos enfants d&amp;rsquo;o\u00f9 qu&amp;rsquo;ils viennent, qu&amp;rsquo;ils croient ou qu&amp;rsquo;ils ne croient pas, quelle que soit leur religion, d&amp;rsquo;en faire des citoyens libres. Cette bataille, c&amp;rsquo;est la n\u00f4tre, et elle est existentielle.&lt;br&gt;&lt;br&gt;Ce soir, je veux aussi remercier l&amp;rsquo;ensemble des forces de l&amp;rsquo;ordre qui, avec un courage exemplaire, sont intervenues avec une rapidit\u00e9 exceptionnelle pour mettre fin \u00e0 la course mortelle de ce terroriste ; \u00e0 la police municipale, merci monsieur le Maire et merci \u00e0 vos agents, et \u00e0 notre police nationale qui, avec courage, a fait son devoir. Beaucoup de choses ont \u00e9t\u00e9 dites. monsieur le Procureur de la R\u00e9publique reviendra dans les heures qui viennent, je le disais, sur cette affaire, et d\u00e9taillera ce qu&amp;rsquo;il sait et ce qui sera \u00e9tabli de cet acte terroriste islamiste. Mais je veux dire ce soir de mani\u00e8re tr\u00e8s claire : ils ne passeront pas.&lt;br&gt;&lt;br&gt;Nos policiers, nos gendarmes, l&amp;rsquo;ensemble de nos forces de s\u00e9curit\u00e9 int\u00e9rieure, nos forces de renseignement, mais au-del\u00e0 de cela, toutes celles et ceux qui tiennent la R\u00e9publique, et \u00e0 leurs c\u00f4t\u00e9s, magistrats, \u00e9lus, enseignants, tous et toutes, nous feront bloc. Ils ne passeront pas. L&amp;rsquo;obscurantisme et la violence qui l&amp;rsquo;accompagne ne gagneront pas. Ils ne nous diviseront pas. C&amp;rsquo;est ce qu&amp;rsquo;ils cherchent, et nous devons nous tenir tous ensemble, citoyennes et citoyens. Et j\u2019appelle l&amp;rsquo;ensemble de nos compatriotes, dans ce moment, \u00e0 faire bloc, \u00e0 \u00eatre unis sans aucune distinction quelle qu&amp;rsquo;elle soit car nous sommes d&amp;rsquo;abord et avant tout des citoyens unis par des m\u00eames valeurs, une histoire, un destin. Cette unit\u00e9 est indispensable. Beaucoup de choses ont \u00e9t\u00e9 dites et je n&amp;rsquo;en rajouterai pas ce soir. Les actes sont l\u00e0 et seront l\u00e0, avec fermet\u00e9, rapides.&lt;br&gt;&lt;br&gt;Vous pouvez compter sur ma d\u00e9termination et celle du Gouvernement.'><sup>1<\/sup><\/a><\/span>, Conflans-Sainte-Honorine, vendredi 16 octobre 2020 :<\/p>\n\n\n\n<div class=\"arve wp-block-nextgenthemes-arve\" data-mode=\"normal\" data-provider=\"html5\" id=\"arve-html5-69f50a49ce286395314138\">\n<span class=\"arve-inner\">\n<span class=\"arve-embed\">\n<video controls controlslist preload=\"metadata\" data-arve=\"arve-html5-69f50a49ce286395314138\" class=\"arve-video fitvidsignore\">\n<source type=\"video\/webm\" src=\"https:\/\/labrousse.atlant.is\/samuel\/emmanuel-macron-20201016.webm\">\n<\/video>\n\n<\/span>\n\n<\/span>\n<script type=\"application\/ld+json\">{\"@context\":\"http:\\\/\\\/schema.org\\\/\",\"@id\":\"https:\\\/\\\/blog.douzeb.is\\\/?p=2964#arve-html5-69f50a49ce286395314138\",\"type\":\"VideoObject\",\"contentURL\":\"https:\\\/\\\/labrousse.atlant.is\\\/samuel\\\/emmanuel-macron-20201016.webm\"}<\/script>\n<\/div>\n\n\n\n\n<!--more-->\n\n\n\n<h2>L&rsquo;hommage rendu en Sorbonne<\/h2>\n\n\n\n<p><a href=\"https:\/\/www.youtube.com\/watch?v=HjAC5eWaZG0\">Hommage rendu en Sorbonne<\/a><span id='easy-footnote-2-2964' class='easy-footnote-margin-adjust'><\/span><span class='easy-footnote'><a href='https:\/\/blog.douzeb.is\/?p=2964#easy-footnote-bottom-2-2964' title='Transcript Google : mesdames messieurs ce soir je n&amp;rsquo;aurai pas de mot pour \u00e9voquer la lutte contre l&amp;rsquo;islamisme politique radicale qui m\u00e8ne jusqu&amp;rsquo;au terrorisme les mots je les ai eu le mal je les nommer les actions nous les avons d\u00e9cid\u00e9 nous les avons durci nous les m\u00e8nerons jusqu&amp;rsquo;au bout ce soir je ne parlerai pas du cort\u00e8ge de terroristes de leurs complices et de tous les l\u00e2ches qui ont commis est rendu possible cet attentat je ne parlerai pas de ceux qui ont livr\u00e9 son nom aux barbares ils ne le m\u00e9ritent pas de nom eux n&amp;rsquo;ont m\u00eame plus ce soir je ne parlerai pas davantage de l&amp;rsquo;indispensable unit\u00e9 que toutes les fran\u00e7aises et tous les fran\u00e7ais ressentent elle est pr\u00e9cieuse et oblige tous les responsables \u00e0 s&amp;rsquo;exprimer avec justesse et \u00e0 agir avec exigence non ce soir je veux parler de votre fils je veux parler de votre fr\u00e8re de votre oncle de celui que vous avez aim\u00e9 de ton p\u00e8re ce soir je veux parler de votre coll\u00e8gue de votre professeur tomber parce qu&amp;rsquo;il avait fait le choix d&amp;rsquo;enseign\u00e9s assassin\u00e9 parce qu&amp;rsquo;il avait d\u00e9cid\u00e9 d&amp;rsquo;apprendre \u00e0 ses \u00e9l\u00e8ves \u00e0 devenir citoyens \u00e0 prendre les devoirs pour les remplir \u00e0 prendre les libert\u00e9s pour les exercer ce soir je veux vous parler de samuel p\u00e2tit samuel p\u00e2tit aimer les livres le savoir plus que tout son appartement \u00e9tait une biblioth\u00e8que c&amp;rsquo;est plus beau cadeau des livres pour apprendre il aimait les livres pour transmettre \u00e0 ses \u00e9l\u00e8ves comme \u00e0 ses proches la passion de la connaissance le go\u00fbt de la libert\u00e9 apr\u00e8s avoir \u00e9tudi\u00e9 l&amp;rsquo;histoire \u00e0 lyon et avoir envisag\u00e9 devenir chercheur il avait emprunt\u00e9 la voie trac\u00e9e par vous s\u00e9parant instituteur et directeur d&amp;rsquo;\u00e9cole \u00e0 moulins en devenant chercheurs en p\u00e9dagogie comme il aimait \u00e0 se d\u00e9finir en devenant professeur aussi nous pouvait-on trouver meilleur endroit que la sorbonne notre lieu de savoir universel depuis + de vie si\u00e8cle le lieu de l&amp;rsquo;humanisme pour que la nation puisse lui rendre cet hommage samuel b\u00e2ti aim\u00e9 passionn\u00e9ment enseign\u00e9 il le fit si bien dans plusieurs coll\u00e8ges et lyc\u00e9es jusqu&amp;rsquo;\u00e0 celui de conflans sainte honorine nous avons tous ancr\u00e9s dans nos coeurs dans nos m\u00e9moires le souvenir d&amp;rsquo;un professeur qui a chang\u00e9 le cours de notre existence vous savez cet instituteur qui nous a appris \u00e0 lire \u00e0 compter \u00e0 nous faire confiance cet enseignant qui nous a pas seulement a pris un savoir mais nous a ouvert un chemin par un livre un regard un instant pass\u00e9 par sa consid\u00e9ration samuel p\u00e2tit \u00e9tait de ceux-l\u00e0 de ses professeurs que l&amp;rsquo;on n&amp;rsquo;oublie pas de ces passionn\u00e9s capables de passer des nuits \u00e0 apprendre l&amp;rsquo;histoire des religions pour mieux comprendre ses \u00e9l\u00e8ves leurs croyances de ses humbles qui se remettait mille fois en question comme pour ce cours sur la libert\u00e9 d&amp;rsquo;expression la libert\u00e9 de conscience qu&amp;rsquo;il pr\u00e9parait depuis juillet encore l&amp;rsquo;\u00e9t\u00e9 dernier \u00e0 moulins \u00e0 vos c\u00f4t\u00e9s et des doutes qu&amp;rsquo;il partageait par exigence par d\u00e9licatesse samuel p\u00e2tit incarner au fond le professeur dont r\u00eavait jaur\u00e8s dans cette lettre aux instituteurs qui vient d&amp;rsquo;\u00eatre lu la fermet\u00e9 unis \u00e0 la tendresse celui qui montre la grandeur de la pens\u00e9e enseigne le respect donne \u00e0 voir ce qu&amp;rsquo;est la civilisation celui qui s&amp;rsquo;\u00e9tait donn\u00e9 pour t\u00e2che de faire des r\u00e9publicains alors reviennent comme en \u00e9cho les mots de fer non buisson pour faire un r\u00e9publicain \u00e9crivait-il il faut prendre l&amp;rsquo;\u00eatre humain si petit et si humble qu&amp;rsquo;il soit et lui donner l&amp;rsquo;id\u00e9e qu&amp;rsquo;il faut penser par lui-m\u00eame qu&amp;rsquo;il ne doit ni foi ni ob\u00e9issance \u00e0 personne que c&amp;rsquo;\u00e9tait lui de chercher la v\u00e9rit\u00e9 et non pas \u00e0 la recevoir toute faite d&amp;rsquo;un m\u00e8tre d&amp;rsquo;un directeur d&amp;rsquo;un chef quel qu&amp;rsquo;il soit faire des r\u00e9publicains c&amp;rsquo;\u00e9tait le combat de samuel b\u00e2ti et si cette t\u00e2che aujourd&amp;rsquo;hui peut para\u00eetre titanesque notamment l\u00e0 o\u00f9 la violence l&amp;rsquo;intimidation parfois la r\u00e9signation prennent le dessus elle est plus essentielle plus actuelle que jamais ici en france nous aimons notre nation sa g\u00e9ographie ses paysages et son histoire sa culture et ses m\u00e9tamorphoses son esprit et son coeur et nous voulons l&amp;rsquo;enseign\u00e9 \u00e0 tous nos enfants ici en france nous aimons le projet tout \u00e0 la fois therrien et universel que porte la r\u00e9publique son ordre et ses promesses chaque jour recommencer alors oui dans chaque \u00e9cole dans chaque coll\u00e8ge dans chaque lyc\u00e9e nous redonnerons aux professeurs le pouvoir de faire des r\u00e9publicains la place et l&amp;rsquo;autorit\u00e9 qui leur reviennent nous les formerons les consid\u00e9rons comme il se doit nous les soutiendrons nous les prot\u00e9gerons autant qu&amp;rsquo;il le faudra dans l&amp;rsquo;\u00e9cole comme hors de l&amp;rsquo;\u00e9cole les pressions l&amp;rsquo;abus d&amp;rsquo;ignorance et d&amp;rsquo;ob\u00e9issance que certains voudraient instaurer n&amp;rsquo;ont pas leur place chez nous je voudrais que ma vie et ma mort serve \u00e0 quelque chose avait il dit un jour comme par prescience alors pourquoi samuel futile tu\u00e9s pourquoi vendredi soir j&amp;rsquo;ai d&amp;rsquo;abord cru \u00e0 la folie al\u00e9atoire \u00e0 l&amp;rsquo;arbitraire absurde une victime de plus du terrorisme gratuit apr\u00e8s tout il n&amp;rsquo;\u00e9tait pas la cible principale des islamistes il ne faisait qu enseigner il n&amp;rsquo;\u00e9tait pas l&amp;rsquo;ennemi de la religion dont ils se servent ils avaient lu le coran est respect\u00e9 ses \u00e9l\u00e8ves quelles que soient leurs croyances il s&amp;rsquo;int\u00e9ressait \u00e0 la civilisation musulmane non tout au contraire samuel p\u00e2tit fut tu\u00e9 pr\u00e9cis\u00e9ment pour tout cela parce qu&amp;rsquo;il incarnait la r\u00e9publique qui rena\u00eet chaque jour dans les salles de classe la libert\u00e9 qui se transmet et se perp\u00e9tue \u00e0 l&amp;rsquo;\u00e9cole samuel b\u00e2ti fille tu\u00e9e parce que les islamistes veulent notre futur et qu&amp;rsquo;ils savent qu&amp;rsquo;avec des h\u00e9ros tranquille tels que lui ils ne l&amp;rsquo;auront jamais eu c&amp;rsquo;est par les fid\u00e8les et les m\u00e9cr\u00e9ants samuel p\u00e2tit ne connaissait que des citoyens eux se repaissent de l&amp;rsquo;ignorance lui croyait dans le savoir eux cultivent la haine de l&amp;rsquo;autre lui voulait sans cesse en voir le visage d\u00e9couvrir les richesses de l&amp;rsquo;alt\u00e9rit\u00e9 samuel p\u00e2tit fut la victime de la conspiration funeste de la b\u00eatise du mensonge de la malle gamme de la haine de l&amp;rsquo;autre de la haine de ceux que profond\u00e9ment existentiellement nous sommes samuel patty est devenu vendredi le visage de la r\u00e9publique de notre volont\u00e9 de briser les terroristes de r\u00e9duire les islamistes de vivre comme une communaut\u00e9 de citoyens libres dans notre pays le visage de notre d\u00e9termination \u00e0 comprendre \u00e0 apprendre a continu\u00e9 d&amp;rsquo;enseigner \u00e0 \u00eatre libre car nous continuerons professeurs nous d\u00e9fendrons la libert\u00e9 que vous enseignez si bien et nous porterons or la la\u00efcit\u00e9 nous ne renoncerons pas aux caricatures au dessin m\u00eame si d&amp;rsquo;autres reculs nous offriront toutes les chances que la r\u00e9publique doit \u00e0 toute sa jeunesse sans discrimination aucune nous continuerons professeurs avec tous les instituteurs et professeurs de france nous enseignerons l&amp;rsquo;histoire ces gloires comme ces vicissitudes nous feront d\u00e9couvrir la litt\u00e9rature la musique toutes les oeuvres de l&amp;rsquo;\u00e2me et de l&amp;rsquo;esprit nous aimerons de toutes nos forces le d\u00e9bat les arguments raisonnables les persuasion aimable nous aimerons la science et ses controverses comme vous nous cultiverons la tol\u00e9rance comme vous nous chercherons \u00e0 comprendre sans rel\u00e2che et \u00e0 comprendre encore davantage cela qu&amp;rsquo;on voudrait \u00e9loign\u00e9 de nous nous apprendrons l&amp;rsquo;humour la distance nous rappellerons que nos libert\u00e9s ne tiennent que par la fin de la haine et de la violence par le respect de l&amp;rsquo;autre nous continuerons professeurs et tout au long de leur vie les centaines de jeunes gens que vous avez form\u00e9 exerceront cet esprit critique que vous leur avez appris peut-\u00eatre certains d&amp;rsquo;entre eux deviendront ils enseignants \u00e0 leur tour alors ils formeront des jeunes citoyens \u00e0 leur tour ils feront aimer la r\u00e9publique ils feront comprendre notre nation nos valeurs notre europe dans une cha\u00eene des temps qui ne s&amp;rsquo;arr\u00eatera pas nous continuerons oui ce combat pour la libert\u00e9 et pour la raison dont vous \u00eates d\u00e9sormais le visage parce que nous vous le devons parce que nous nous le devons parce qu&amp;rsquo;en france professeur les lumi\u00e8res ne s&amp;rsquo;\u00e9teignent jamais vive la r\u00e9publique vive la france'><sup>2<\/sup><\/a><\/span> mercredi 21 octobre 2020 :<\/p>\n\n\n\n<div class=\"arve wp-block-nextgenthemes-arve\" data-mode=\"normal\" data-provider=\"html5\" id=\"arve-html5-69f50a49cf8b0583795679\">\n<span class=\"arve-inner\">\n<span class=\"arve-embed\">\n<video controls controlslist preload=\"metadata\" data-arve=\"arve-html5-69f50a49cf8b0583795679\" class=\"arve-video fitvidsignore\">\n<source type=\"video\/webm\" src=\"https:\/\/labrousse.atlant.is\/samuel\/emmanuel-macron-20201021.webm\">\n<\/video>\n\n<\/span>\n\n<\/span>\n<script type=\"application\/ld+json\">{\"@context\":\"http:\\\/\\\/schema.org\\\/\",\"@id\":\"https:\\\/\\\/blog.douzeb.is\\\/?p=2964#arve-html5-69f50a49cf8b0583795679\",\"type\":\"VideoObject\",\"contentURL\":\"https:\\\/\\\/labrousse.atlant.is\\\/samuel\\\/emmanuel-macron-20201021.webm\"}<\/script>\n<\/div>\n\n\n\n\n<h2>Les faits<\/h2>\n\n\n\n<p><a rel=\"noreferrer noopener\" href=\"https:\/\/www.youtube.com\/watch?v=ZBpNCL5VUb0\" target=\"_blank\">Conf\u00e9rence du procureur national antiterroriste Jean-Fran\u00e7ois Ricard<\/a><span id='easy-footnote-3-2964' class='easy-footnote-margin-adjust'><\/span><span class='easy-footnote'><a href='https:\/\/blog.douzeb.is\/?p=2964#easy-footnote-bottom-3-2964' title='Mesdames et Messieurs aujourd&amp;rsquo;hui j&amp;rsquo;ai tenu \u00e0 m&amp;rsquo;exprimer au plus t\u00f4t, compte tenu de l&amp;rsquo;extr\u00eame gravit\u00e9 des faits qui&lt;br&gt;ont \u00e9t\u00e9 commis et de leur immense retentissement.&lt;br&gt;&lt;br&gt;Car cette fois c&amp;rsquo;est tout \u00e0 la fois un enseignant qui a \u00e9t\u00e9 assassin\u00e9 pour le travail qu&amp;rsquo;il avait accompli, mais c&amp;rsquo;est aussi la libert\u00e9 de pens\u00e9e, la libert\u00e9 d&amp;rsquo;expression, la n\u00e9cessit\u00e9 absolue de pouvoir enseigner ces principes fondamentaux dans nos \u00e9coles, qui ont \u00e9t\u00e9 atteints.&lt;br&gt;&lt;br&gt;Si j&amp;rsquo;ai tenu \u00e0 m&amp;rsquo;exprimer moins de 24 heures apr\u00e8s ce drame, c&amp;rsquo;est afin d&amp;rsquo;assurer d\u00e8s \u00e0 pr\u00e9sent et conform\u00e9ment aux pr\u00e9rogatives qui m&amp;rsquo;ont \u00e9t\u00e9 conf\u00e9r\u00e9es par la loi, la diffusion d&amp;rsquo;une information la plus objective possible.&lt;br&gt;&lt;br&gt;Je tiens cependant \u00e0 souligner que de nombreuses investigations doivent \u00eatre encore r\u00e9alis\u00e9es afin de d\u00e9terminer avec pr\u00e9cision les roulements les faits mais&lt;br&gt;aussi comment l&amp;rsquo;auteur a pr\u00e9par\u00e9 son crime et de quelles \u00e9ventuelles complicit\u00e9s il a pu b\u00e9n\u00e9ficier.&lt;br&gt;&lt;br&gt;Je veux aussi souligner que ce crime terroriste est le second commis pendant que se d\u00e9roulent les audiences du proc\u00e8s des attentats du mois de janvier 2015 commenc\u00e9es au d\u00e9but&lt;br&gt;du mois de septembre dernier. Cela confirme le tr\u00e8s haut niveau de la menace terroriste islamiste \u00e0 laquelle&lt;br&gt;nous devons faire face.&lt;br&gt;&lt;br&gt;S&amp;rsquo;agissant des faits, l&amp;rsquo;enqu\u00eate men\u00e9e sous l&amp;rsquo;autorit\u00e9 du parquet antiterroriste qui s&amp;rsquo;est saisi le 16 octobre \u00e0 18h30 a permis de pr\u00e9ciser leur d\u00e9roulement.&lt;br&gt;&lt;br&gt;Le vendredi 16 octobre \u00e0 17h11 la police nationale a \u00e9t\u00e9 sollicit\u00e9e par la police municipale d&amp;rsquo;\u00e9ragny sur Oise \u00e0 la suite de la d\u00e9couverte d&amp;rsquo;un corps sur la voie publique, rue du Buisson Moineaux \u00e0 \u00c9ragny. La police municipale d\u00e9signait un homme porteur d&amp;rsquo;une arme de poing comme auteur pr\u00e9sum\u00e9 des faits. Les policiers nationaux identifiaient ce dernier \u00e0 quelques centaines de m\u00e8tres de l\u00e0, rue Roger Salengro dans la m\u00eame commune. \u00c0 leur vue l&amp;rsquo;individu courrait dans leur direction en tirant \u00e0 cinq reprises avec une arme de poing. Trois des policiers ripostaient ce qui entra\u00eenait la chute de l&amp;rsquo;assaillant. Alors qu&amp;rsquo;il tentait de se relever et de donner des coups de couteau aux policiers, il \u00e9tait neutralis\u00e9 par les forces de l&amp;rsquo;ordre. Son corps pr\u00e9sente neuf impacts d&amp;rsquo;entr\u00e9e de balle. Un couteau de type poignard, une arme de poing de type airsoft, et cinq cartouches de gaz compatibles avec cette arme ont \u00e9t\u00e9 saisis.&lt;br&gt;&lt;br&gt;L&amp;rsquo;individu neutralis\u00e9 \u00e9tait porteur d&amp;rsquo;un titre de s\u00e9jour d\u00e9livr\u00e9 le 4 mars dernier et valable jusqu&amp;rsquo;en mars 2030, au nom de Abdoullakh Abouyedovich A, n\u00e9 le 12 mars 2002 \u00e0 moscou en Russie. L&amp;rsquo;int\u00e9ress\u00e9, de nationalit\u00e9 russe et d&amp;rsquo;origine tch\u00e9tch\u00e8ne, b\u00e9n\u00e9ficiait du statut de r\u00e9fugi\u00e9 et demeurait \u00e0 \u00c9vreux dans l&amp;rsquo;Eure. Il \u00e9tait inconnu des services de renseignements. Sur un plan judiciaire, il n&amp;rsquo;a jamais \u00e9t\u00e9 condamn\u00e9, tout en \u00e9tant connu pour des affaires de d\u00e9gradation de biens publics et de violences en r\u00e9union alors qu&amp;rsquo;il \u00e9tait encore mineur.&lt;br&gt;&lt;br&gt;Imm\u00e9diatement apr\u00e8s les faits un message de revendication avait \u00e9t\u00e9 post\u00e9 sur un compte twitter nomm\u00e9 @Tchetchene_270, accompagn\u00e9 d&amp;rsquo;une photo macabre de la victime et du texte suivant : \u00ab\u00a0au nom d\u2019Allah, le Tout Mis\u00e9ricordieux, le Tr\u00e8s Mis\u00e9ricordieux, de Abdullah, le Serviteur d\u2019Allah \u00e0 Macron, le dirigeant des infid\u00e8les, j\u2019ai ex\u00e9cut\u00e9 un de tes chiens de l\u2019enfer qui a os\u00e9 rabaisser Muhammad. Calme ses semblables avant qu\u2019on ne vous inflige un dur ch\u00e2timent\u00a0\u00bb.&lt;br&gt;&lt;br&gt;Dans un tweet suivant le scripteur d\u00e9signait la victime par son nom. Les investigations ont pu confirmer qu&amp;rsquo;il s&amp;rsquo;agissait bien d&amp;rsquo;un compte appartenant \u00e0 l&amp;rsquo;auteur des faits.&lt;br&gt;&lt;br&gt;La victime est un professeur d&amp;rsquo;histoire g\u00e9ographie du coll\u00e8ge du Bois d&amp;rsquo;Aulne, situ\u00e9 \u00e0 Conflans-Sainte-Honorine, \u00e0 proximit\u00e9 imm\u00e9diate du lieu des faits, il \u00e9tait \u00e2g\u00e9 de 47 ans. Cet enseignant se trouvait sur le chemin le menant de son lieu de travail vers son domicile \u00e9galement situ\u00e9 \u00e0 proximit\u00e9, lorsqu&amp;rsquo;il a \u00e9t\u00e9 attaqu\u00e9 avec une arme blanche. Il pr\u00e9sentait de multiples plaies \u00e0 la t\u00eate, aux membres sup\u00e9rieurs, \u00e0 l&amp;rsquo;abdomen et il avait \u00e9t\u00e9 d\u00e9capit\u00e9. Un second couteau d&amp;rsquo;une longueur totale de 35 cm, ensanglant\u00e9, \u00e9tait d\u00e9couvert \u00e0 une trentaine de m\u00e8tres du lieu du crime.&lt;br&gt;&lt;br&gt;Au regard de ces \u00e9l\u00e9ments et compte tenu de la nature des faits, du contexte de leur r\u00e9alisation, du mode op\u00e9ratoire, et de la revendication, le parquet national antiterroriste s&amp;rsquo;est saisi et a ouvert une enqu\u00eate de flagrance, des chefs d&amp;rsquo;assassinat en relation avec une entreprise terroriste, d&amp;rsquo;association de malfaiteurs en vue de commettre des crimes d&amp;rsquo;atteinte aux personnes, confi\u00e9e conjointement \u00e0 la direction centrale de la police judiciaire et \u00e0 la direction g\u00e9n\u00e9rale de la s\u00e9curit\u00e9 int\u00e9rieure, \u00e9tant pr\u00e9cis\u00e9 que la sous-direction antiterroriste a \u00e9t\u00e9 d\u00e9sign\u00e9e comme service coordonateur.&lt;br&gt;&lt;br&gt;S&amp;rsquo;agissant du contexte \u00e0 pr\u00e9sent, les premi\u00e8res investigations ont permis d&amp;rsquo;\u00e9tablir que d\u00e9but octobre, la victime avait lors d&amp;rsquo;un enseignement d&amp;rsquo;instruction morale et civique dispens\u00e9 \u00e0 une classe de 4\u00e8me, \u00e9voqu\u00e9 la libert\u00e9 d&amp;rsquo;expression, th\u00e8me s&amp;rsquo;inscrivant dans le programme officiel de l&amp;rsquo;\u00c9ducation nationale. Un d\u00e9bat avait ainsi \u00e9t\u00e9 organis\u00e9 autour de la publication des caricatures de Mahomet par le journal satirique Charlie Hebdo, et de l&amp;rsquo;opportunit\u00e9 de leur publication.&lt;br&gt;&lt;br&gt;D\u00e8s le 7 octobre au soir, le p\u00e8re de l&amp;rsquo;une des \u00e9l\u00e8ves publiait sur son compte facebook un r\u00e9cit des faits faisant \u00e9tat de la diffusion d&amp;rsquo;une image du proph\u00e8te nu, et un appel \u00e0 la mobilisation contre l&amp;rsquo;enseignant en vue de son exclusion. Il mentionnait aussi son propre num\u00e9ro de t\u00e9l\u00e9phone. Quelques minutes plus tard il exhortait ses lecteurs \u00e0 \u00e9crire au collectif contre l&amp;rsquo;islamophobie en France, \u00e0 l&amp;rsquo;inspection acad\u00e9mique, au ministre de l&amp;rsquo;\u00c9ducation nationale, ou au pr\u00e9sident la R\u00e9publique.&lt;br&gt;&lt;br&gt;Le 8 octobre en fin de matin\u00e9e, le p\u00e8re de l&amp;rsquo;\u00e9l\u00e8ve, accompagn\u00e9 d&amp;rsquo;un second individu, se pr\u00e9sentait au coll\u00e8ge du Bois d&amp;rsquo;Aulne o\u00f9 il \u00e9tait re\u00e7u par la principale de l&amp;rsquo;\u00e9tablissement. Celle-ci tentait en vain d&amp;rsquo;apaiser les choses alors que les deux hommes exigeaient avec virulence le renvoi du professeur, sous peine de mobilisation et de manifestation. Le m\u00eame jour en soir\u00e9e, le m\u00eame parent d&amp;rsquo;\u00e9l\u00e8ve publiait une vid\u00e9o accompagn\u00e9e d&amp;rsquo;un texte sur son compte facebook, dans laquelle il d\u00e9signait cette fois nomm\u00e9ment le professeur, donnait l&amp;rsquo;adresse du coll\u00e8ge, et incitait &amp;#8212; je le cite &amp;#8212; \u00e0 dire stop. Un peu plus tard cet individu se pr\u00e9sentait au commissariat de Conflans-Sainte-Honorine accompagn\u00e9 de sa fille, afin de d\u00e9poser plainte pour diffusion d&amp;rsquo;images pornographiques. Dans son audition cette jeune fille visait l&amp;rsquo;une des caricatures parues dans le journal Charlie Hebdo, et indiquait que cet enseignant, pr\u00e9alablement \u00e0 son expos\u00e9, avait demand\u00e9 aux \u00e9l\u00e8ves musulmans de lever la main et de sortir. Elle pr\u00e9cisait avoir \u00e9t\u00e9 exclue deux jours \u00e0 la demande du professeur.&lt;br&gt;&lt;br&gt;Une enqu\u00eate \u00e9tait ouverte \u00e0 la suite de cette plainte et le 12 octobre le professeur \u00e9tait entendu. Il d\u00e9crivait \u00e0 cette occasion le d\u00e9roul\u00e9 de son expos\u00e9 dont il remettait une copie. Il contestait \u00e9nergiquement avoir demand\u00e9 aux \u00e9l\u00e8ves musulmans de s&amp;rsquo;identifier et de sortir de la classe. En revanche il pr\u00e9cisait avoir pris soin avant de montrer certains des dessins concern\u00e9s, de proposer \u00e0 ses \u00e9l\u00e8ves de ne pas les regarder, dans l&amp;rsquo;hypoth\u00e8se o\u00f9 ils pourraient \u00eatre heurt\u00e9s par ceux-ci. Faisant \u00e9tat de la vid\u00e9o publi\u00e9e par le p\u00e8re de l&amp;rsquo;\u00e9l\u00e8ve, cet enseignant d\u00e9posait plainte \u00e0 son tour du chef de diffamation publique. Le support utilis\u00e9 par le professeur s&amp;rsquo;articulait autour des contours et limites de la libert\u00e9 d&amp;rsquo;expression. Il montrait \u00e0 titre d&amp;rsquo;exemple deux des caricatures publi\u00e9es par Charlie Hebdo. Il s&amp;rsquo;agissait pour la premi\u00e8re de la une du journal satirique au lendemain de l&amp;rsquo;attentat du 7 janvier 2015, et pour la seconde d&amp;rsquo;un dessin repr\u00e9sentant le proph\u00e8te nu accroupi, l\u00e9gend\u00e9 \u00ab\u00a0Mahomet : une \u00e9toile est n\u00e9e!\u00a0\u00bb.&lt;br&gt;&lt;br&gt;Le 12 octobre une seconde vid\u00e9o de 10 minutes intitul\u00e9e \u00ab\u00a0l&amp;rsquo;Islam et le proph\u00e8te insult\u00e9s dans un coll\u00e8ge public\u00a0\u00bb \u00e9tait publi\u00e9e sur youtube. Le p\u00e8re de l&amp;rsquo;\u00e9l\u00e8ve relatait \u00e0 nouveau les faits. Puis sa fille \u00e9tait interview\u00e9e par un homme qui n&amp;rsquo;apparassait pas \u00e0 l&amp;rsquo;\u00e9cran, et confirmait ses d\u00e9clarations livr\u00e9es aux policiers. Une tierce personne pr\u00e9cisait que le pr\u00e9sident Macron avait attis\u00e9 la haine vis-\u00e0-vis des musulmans. Cet homme demandait l&amp;rsquo;exclusion de l&amp;rsquo;enseignant et mena\u00e7ait de manifester devant le coll\u00e8ge et l&amp;rsquo;inspection acad\u00e9mique. Il s&amp;rsquo;agissait de l&amp;rsquo;homme qui avait accompagn\u00e9 le p\u00e8re de l&amp;rsquo;\u00e9l\u00e8ve au coll\u00e8ge lors du rendez vous avec la principale le 8 octobre pr\u00e9c\u00e9dent.&lt;br&gt;&lt;br&gt;La principale du coll\u00e8ge faisait d&amp;rsquo;ailleurs \u00e9tat de nombreux appels mena\u00e7ants re\u00e7us par le coll\u00e8ge \u00e0 la suite de la publication des vid\u00e9os du parent d&amp;rsquo;\u00e9l\u00e8ve. Certains parents d&amp;rsquo;\u00e9l\u00e8ves \u00e9taient re\u00e7us ce qui permettait d&amp;rsquo;apaiser les tensions, \u00e0 l&amp;rsquo;exception du p\u00e8re de la plaignante qui refusait de rencontrer l&amp;rsquo;enseignant. Elle pr\u00e9cisait que le renvoi de sa fille \u00e9tait ind\u00e9pendant de l&amp;rsquo;incident des caricatures mais li\u00e9 \u00e0 des probl\u00e8mes de comportement et aux multiples retards de la jeune fille. Convoqu\u00e9s pour le 14 octobre au commissariat, le p\u00e8re et sa fille ne se sont pas pr\u00e9sent\u00e9s.&lt;br&gt;&lt;br&gt;Selon les premiers t\u00e9moignages l&amp;rsquo;auteur des faits se trouvait devant le coll\u00e8ge durant l&amp;rsquo;apr\u00e8s midi. Il y avait sollicit\u00e9 des \u00e9l\u00e8ves afin de lui d\u00e9signer la future victime. La premi\u00e8re exploitation de son t\u00e9l\u00e9phone, saisi \u00e0 proximit\u00e9 de son corps, a permis de retrouver dans le bloc-notes le texte de la revendication enregistr\u00e9 \u00e0 12h17, ainsi que la photographie de la victime d\u00e9c\u00e9d\u00e9e, horodat\u00e9 \u00e0 16h57. \u00c0 ce stade des investigations, neuf personnes ont \u00e9t\u00e9 interpell\u00e9es et plac\u00e9es en garde \u00e0 vue : quatre personnes issues de l&amp;rsquo;entourage familial direct de l&amp;rsquo;auteur des faits qui ont \u00e9t\u00e9 plac\u00e9s en garde \u00e0 vue hier soir ; deux personnes s&amp;rsquo;\u00e9tant pr\u00e9sent\u00e9es spontan\u00e9ment en fin de soir\u00e9e au commissariat d&amp;rsquo;\u00c9vreux et qui ont indiqu\u00e9 avoir \u00e9t\u00e9 en contact avec l&amp;rsquo;auteur peu avant les faits ; le p\u00e8re de l&amp;rsquo;\u00e9l\u00e8ve plaignante interpell\u00e9 ce matin \u00e0 Chanteloup-les-Vignes est \u00e9galement actuellement plac\u00e9 en garde \u00e0 vue &amp;#8212; il faut pr\u00e9ciser que la demi-s\u0153ur de cet homme avait rejoint l&amp;rsquo;organisation \u00e9tat islamique en 2014 en Syrie et qu&amp;rsquo;elle fait \u00e0 ce titre l&amp;rsquo;objet d&amp;rsquo;un mandat de recherche par un juge d&amp;rsquo;instruction antiterroriste ; enfin, derni\u00e8res personnes actuellement plac\u00e9es en garde \u00e0 vue, l&amp;rsquo;homme apparaissant sur les vid\u00e9os publi\u00e9es le 12 octobre ayant accompagn\u00e9 le p\u00e8re de l&amp;rsquo;\u00e9l\u00e8ve au coll\u00e8ge, ainsi que sa compagne, qui ont \u00e9t\u00e9 interpell\u00e9s ce matin \u00e0 \u00c9vry. Cet homme est d&amp;rsquo;ailleurs connu des services de renseignement.&lt;br&gt;&lt;br&gt;Les investigations se poursuivent maintenant et \u00e0 pr\u00e9sent aux fins de pr\u00e9ciser l&amp;#8217;emploi du temps de l&amp;rsquo;auteur dans les jours qui ont pr\u00e9c\u00e9d\u00e9 les faits. Elles ont \u00e9galement pour finalit\u00e9 de d\u00e9terminer le d\u00e9roulement exact du crime et enfin elles ont pour objet d&amp;rsquo;\u00e9tablir l&amp;rsquo;implication des personnes gard\u00e9es \u00e0 vue ainsi que de toute autres personnes complices ou impliqu\u00e9es \u00e0 un titre ou \u00e0 un autre dans les faits.&lt;br&gt;&lt;br&gt;Mesdames et Messieurs je vous remercie de votre attention. Je ne r\u00e9pondrai pas \u00e0 des questions aujourd&amp;rsquo;hui qui pourrait \u00eatre pos\u00e9es, compte tenu de la lecture tr\u00e8s r\u00e9cente des faits qui ne me permet pas d&amp;rsquo;avancer plus en avant sous peine de risquer de nuire \u00e0 ces investigations. Je vous remercie encore, au revoir.'><sup>3<\/sup><\/a><\/span>, samedi 17 octobre 2020 :<\/p>\n\n\n\n<div class=\"arve wp-block-nextgenthemes-arve\" data-mode=\"normal\" data-provider=\"html5\" id=\"arve-html5-69f50a49d0e04293098777\">\n<span class=\"arve-inner\">\n<span class=\"arve-embed\">\n<video controls controlslist preload=\"metadata\" data-arve=\"arve-html5-69f50a49d0e04293098777\" class=\"arve-video fitvidsignore\">\n<source type=\"video\/webm\" src=\"https:\/\/labrousse.atlant.is\/samuel\/jean-francois-ricard-20201017.webm\">\n<\/video>\n\n<\/span>\n\n<\/span>\n<script type=\"application\/ld+json\">{\"@context\":\"http:\\\/\\\/schema.org\\\/\",\"@id\":\"https:\\\/\\\/blog.douzeb.is\\\/?p=2964#arve-html5-69f50a49d0e04293098777\",\"type\":\"VideoObject\",\"contentURL\":\"https:\\\/\\\/labrousse.atlant.is\\\/samuel\\\/jean-francois-ricard-20201017.webm\"}<\/script>\n<\/div>\n\n\n\n\n<p>Conf\u00e9rence du procureur national antiterroriste Jean-Fran\u00e7ois Ricard mercredi 21 octobre 2020 :<\/p>\n\n\n\n<div class=\"arve wp-block-nextgenthemes-arve\" data-mode=\"normal\" data-oembed=\"1\" data-provider=\"youtube\" id=\"arve-youtube-edzjrl_dg7u69f50a49d2704447266178\">\n<span class=\"arve-inner\">\n<span class=\"arve-embed arve-embed--has-aspect-ratio\" style=\"aspect-ratio: 500 \/ 281\">\n<span class=\"arve-ar\" style=\"padding-top:56.200000%\"><\/span><iframe allow=\"accelerometer; autoplay; clipboard-write; encrypted-media; gyroscope; picture-in-picture\" allowfullscreen class=\"arve-iframe fitvidsignore\" data-arve=\"arve-youtube-edzjrl_dg7u69f50a49d2704447266178\" data-src-no-ap=\"https:\/\/www.youtube.com\/embed\/EDZJRl_dG7U?feature=oembed&amp;iv_load_policy=3&amp;modestbranding=1&amp;rel=0&amp;autohide=1&amp;playsinline=0&amp;autoplay=0\" frameborder=\"0\" height=\"0\" sandbox=\"allow-scripts allow-same-origin allow-presentation allow-popups allow-popups-to-escape-sandbox\" scrolling=\"no\" src=\"https:\/\/www.youtube.com\/embed\/EDZJRl_dG7U?feature=oembed&#038;iv_load_policy=3&#038;modestbranding=1&#038;rel=0&#038;autohide=1&#038;playsinline=0&#038;autoplay=0\"><\/iframe>\n\n<\/span>\n\n<\/span>\n<script type=\"application\/ld+json\">{\"@context\":\"http:\\\/\\\/schema.org\\\/\",\"@id\":\"https:\\\/\\\/blog.douzeb.is\\\/?p=2964#arve-youtube-edzjrl_dg7u69f50a49d2704447266178\",\"type\":\"VideoObject\",\"embedURL\":\"https:\\\/\\\/www.youtube.com\\\/embed\\\/EDZJRl_dG7U?feature=oembed&iv_load_policy=3&modestbranding=1&rel=0&autohide=1&playsinline=0&autoplay=0\"}<\/script>\n<\/div>\n\n\n\n\n<h2>Message du ministre de l&rsquo;\u00c9ducation nationale<\/h2>\n\n\n\n<p><a href=\"https:\/\/www.education.gouv.fr\/message-aux-professeurs-et-la-communaute-educative-apres-l-attentat-contre-un-professeur-vendredi-16-306751\" target=\"_blank\" rel=\"noreferrer noopener\">Message aux professeurs et personnels<\/a><span id='easy-footnote-4-2964' class='easy-footnote-margin-adjust'><\/span><span class='easy-footnote'><a href='https:\/\/blog.douzeb.is\/?p=2964#easy-footnote-bottom-4-2964' title='Mesdames et messieurs les professeurs,&lt;br&gt;Mesdames et messieurs les personnels de l\u2019\u00e9ducation nationale,&lt;br&gt;Mesdames et messieurs les parents d\u2019\u00e9l\u00e8ves,&lt;br&gt;Ch\u00e8res familles, chers \u00e9l\u00e8ves, chers concitoyens,&lt;br&gt;&lt;br&gt;Ce vendredi 16 octobre, un professeur d\u2019histoire et de g\u00e9ographie a \u00e9t\u00e9 l\u00e2chement assassin\u00e9 \u00e0 Conflans-Sainte-Honorine.&lt;br&gt;&lt;br&gt;Ce matin je pense \u00e0 lui, je pense \u00e0 sa famille, \u00e0 ses proches, \u00e0 ses amis, je pense \u00e0 ses coll\u00e8gues du coll\u00e8ge o\u00f9 je me trouvais hier soir avec le Pr\u00e9sident de la R\u00e9publique. Je pense en fait \u00e0 tous les professeurs de France et \u00e0 tous ceux qui aujourd\u2019hui se sentent atteints par ce qui s\u2019est pass\u00e9 parce que nous sommes tous concern\u00e9s, tous touch\u00e9s par cet assassinat ignoble.&lt;br&gt;&lt;br&gt;Ce professeur a \u00e9t\u00e9 assassin\u00e9 \u00e0 cause de ce qu\u2019il repr\u00e9sentait : la R\u00e9publique. Il a \u00e9t\u00e9 assassin\u00e9 \u00e0 cause de ce qu\u2019il incarnait : le savoir, au service de l\u2019esprit critique, c\u2019est-\u00e0-dire au service de la construction de citoyens libres et \u00e9clair\u00e9s, c\u2019est-\u00e0-dire le c\u0153ur de ce que nous faisons, quand nous faisons \u00e9cole.&lt;br&gt;&lt;br&gt;Il a \u00e9t\u00e9 assassin\u00e9 pour avoir donn\u00e9 un cours en lien avec l\u2019un des piliers de la d\u00e9mocratie : la libert\u00e9 d\u2019expression.&lt;br&gt;&lt;br&gt;C\u2019est un acte ignoble et l\u00e2che. C\u2019est une attaque contre la R\u00e9publique, parce que l\u2019\u00c9cole est la colonne vert\u00e9brale de la R\u00e9publique.&lt;br&gt;&lt;br&gt;Cet acte touche un de nos membres, un serviteur de l\u2019\u00c9tat, un serviteur des enfants, un professeur. Lorsqu\u2019un de ses membres est vis\u00e9, c\u2019est toute l\u2019institution qui est attaqu\u00e9e et lorsqu\u2019un de nos membres est vis\u00e9, c\u2019est toute l\u2019institution qui doit r\u00e9agir dans l\u2019unit\u00e9, dans la fermet\u00e9, dans l\u2019efficacit\u00e9 et dans la fid\u00e9lit\u00e9 aux valeurs qui nous constituent.&lt;br&gt;&lt;br&gt;Nous tous, personnels de l\u2019\u00e9ducation nationale, parents et \u00e9l\u00e8ves, nous devons condamner fermement cet acte barbare. Nous devons r\u00e9affirmer la force des valeurs de la R\u00e9publique. Nous ne pouvons admettre ce crime inf\u00e2me, dans la patrie de Voltaire, de Beaumarchais, d\u2019\u00c9luard, dans la patrie de la libert\u00e9 de la presse, depuis les premiers journaux&amp;nbsp; jusqu\u2019\u00e0 Charlie Hebdo.&lt;br&gt;&lt;br&gt;Nous ne pouvons admettre l\u2019instrumentalisation, le d\u00e9voiement de la religion pour d\u00e9truire les valeurs qui nous fondent.&lt;br&gt;&lt;br&gt;Parce que ces valeurs sont des valeurs de libert\u00e9, des valeurs d\u2019\u00e9galit\u00e9, des valeurs de fraternit\u00e9 et que la la\u00efcit\u00e9 est synonyme de libert\u00e9 garantissant chacun de ces principes. Parce que nous tenons, comme \u00e0 la vie, \u00e0 chacune de nos libert\u00e9s fondamentales et notamment \u00e0 la libert\u00e9 d\u2019expression, \u00e0 la libert\u00e9 de culte aussi, \u00e0 la libert\u00e9 de croire ou de ne pas croire, de fa\u00e7on \u00e0 continuer \u00e0 partager cette destin\u00e9e extraordinaire que l\u2019on appelle&lt;br&gt;&lt;br&gt;France.&lt;br&gt;&lt;br&gt;La R\u00e9publique est forte de ceux qui la composent, elle est forte aussi de ceux qui la servent. Elle ne reculera jamais, jamais, jamais, devant aucune terreur, ni aucune intimidation.&lt;br&gt;&lt;br&gt;Je tenais donc \u00e0 vous redire, chers professeurs, chers personnels de l\u2019\u00e9ducation nationale, ch\u00e8res familles, chers \u00e9l\u00e8ves, tout mon soutien et tout le soutien de l\u2019institution scolaire.&lt;br&gt;&lt;br&gt;Je serai, et notre pays sera, \u00e0 vos c\u00f4t\u00e9s pour vous prot\u00e9ger, vous permettre de faire votre m\u00e9tier qui est le m\u00e9tier le plus essentiel : celui de transmettre \u00e0 nos enfants les savoirs et les valeurs qui sont notre bien commun.&lt;br&gt;&lt;br&gt;C\u2019est pourquoi ce matin, je recevrai les organisations syndicales, les organisations repr\u00e9sentatives des parents d\u2019\u00e9l\u00e8ves et des familles, de fa\u00e7on \u00e0 regarder ensemble, toutes les r\u00e9ponses appropri\u00e9es. Je les recevrai avec le Premier ministre et nous en tirerons toutes les cons\u00e9quences n\u00e9cessaires.&lt;br&gt;&lt;br&gt;Soyons fermes, soyons unis. Soyons solidaires, les uns avec les autres.&lt;br&gt;&lt;br&gt;Ce matin, nous sommes tous ensemble et j\u2019ai une pens\u00e9e pour chaque professeur de France.&lt;br&gt;&lt;br&gt;Pour que l\u2019\u00c9cole, pour que la R\u00e9publique, et pour que la France vivent et vivent en fid\u00e9lit\u00e9 avec nos valeurs.&lt;br&gt;&lt;br&gt;Je vous remercie.'><sup>4<\/sup><\/a><\/span>, vendredi 16 octobre 2020 :<\/p>\n\n\n\n<div class=\"arve wp-block-nextgenthemes-arve\" data-mode=\"normal\" data-provider=\"html5\" id=\"arve-html5-69f50a49d3c06987355455\">\n<span class=\"arve-inner\">\n<span class=\"arve-embed\">\n<video controls controlslist preload=\"metadata\" data-arve=\"arve-html5-69f50a49d3c06987355455\" class=\"arve-video fitvidsignore\">\n<source type=\"video\/webm\" src=\"https:\/\/labrousse.atlant.is\/samuel\/jean-michel-blanquer-20201016.webm\">\n<\/video>\n\n<\/span>\n\n<\/span>\n<script type=\"application\/ld+json\">{\"@context\":\"http:\\\/\\\/schema.org\\\/\",\"@id\":\"https:\\\/\\\/blog.douzeb.is\\\/?p=2964#arve-html5-69f50a49d3c06987355455\",\"type\":\"VideoObject\",\"contentURL\":\"https:\\\/\\\/labrousse.atlant.is\\\/samuel\\\/jean-michel-blanquer-20201016.webm\"}<\/script>\n<\/div>\n\n\n\n\n<h2>Interview du ministre de l&rsquo;\u00c9ducation nationale<\/h2>\n\n\n\n<p>Jean-Michel Blanquer, solide et adulte, lors de l&rsquo;\u00e9mission <a href=\"https:\/\/www.franceinter.fr\/emissions\/questions-politiques\/questions-politiques-18-octobre-2020\">Questions Politiques<\/a>, dimanche 18 octobre midi.<\/p>\n\n\n\n<div class=\"arve wp-block-nextgenthemes-arve\" data-mode=\"normal\" data-provider=\"html5\" id=\"arve-html5-69f50a49d518c071657047\">\n<span class=\"arve-inner\">\n<span class=\"arve-embed\">\n<video controls controlslist preload=\"metadata\" data-arve=\"arve-html5-69f50a49d518c071657047\" class=\"arve-video fitvidsignore\">\n<source type=\"video\/mp4\" src=\"https:\/\/labrousse.atlant.is\/samuel\/jean-michel-blanquer-20201818.mp4\">\n<\/video>\n\n<\/span>\n\n<\/span>\n<script type=\"application\/ld+json\">{\"@context\":\"http:\\\/\\\/schema.org\\\/\",\"@id\":\"https:\\\/\\\/blog.douzeb.is\\\/?p=2964#arve-html5-69f50a49d518c071657047\",\"type\":\"VideoObject\",\"contentURL\":\"https:\\\/\\\/labrousse.atlant.is\\\/samuel\\\/jean-michel-blanquer-20201818.mp4\"}<\/script>\n<\/div>\n\n\n\n\n<h2>Entretien avec le ministre de l&rsquo;Int\u00e9rieur<\/h2>\n\n\n\n<p>Entretien avec G\u00e9rald Darmanin, lundi 19 octobre matin.<\/p>\n\n\n\n<figure class=\"wp-block-audio\"><audio controls src=\"https:\/\/labrousse.atlant.is\/samuel\/gerald-darmanin-20201019.mp3\"><\/audio><\/figure>\n\n\n\n<hr class=\"wp-block-separator is-style-default\"\/>\n\n\n\n<div class=\"wp-block-image\"><figure class=\"aligncenter size-large\"><img decoding=\"async\" loading=\"lazy\" width=\"1024\" height=\"473\" src=\"https:\/\/blog.atlant.is\/wp-content\/uploads\/2020\/10\/samuel-paty-1024x473.jpg\" alt=\"\" class=\"wp-image-2984\" srcset=\"https:\/\/blog.douzeb.is\/wp-content\/uploads\/2020\/10\/samuel-paty-1024x473.jpg 1024w, https:\/\/blog.douzeb.is\/wp-content\/uploads\/2020\/10\/samuel-paty-300x139.jpg 300w, https:\/\/blog.douzeb.is\/wp-content\/uploads\/2020\/10\/samuel-paty-768x355.jpg 768w, https:\/\/blog.douzeb.is\/wp-content\/uploads\/2020\/10\/samuel-paty.jpg 1152w\" sizes=\"(max-width: 1024px) 100vw, 1024px\" \/><figcaption>Place de la R\u00e9publique, dimanche 18\/10\/2020<\/figcaption><\/figure><\/div>\n","protected":false},"excerpt":{"rendered":"<p>L&rsquo;allocution du chef de l&rsquo;\u00c9tat Allocution d&rsquo;Emmanuel Macron, Conflans-Sainte-Honorine, vendredi 16 octobre 2020 :<\/p>\n","protected":false},"author":1,"featured_media":2984,"comment_status":"open","ping_status":"open","sticky":false,"template":"","format":"standard","meta":[],"categories":[22,12,9],"tags":[],"ppma_author":[76],"authors":[{"term_id":76,"user_id":1,"is_guest":0,"slug":"fred","display_name":"Fred","avatar_url":"https:\/\/secure.gravatar.com\/avatar\/ec0326d654fdf9f66e9eb42bb34a9bc4?s=96&d=mm&r=g","description":"","first_name":"","last_name":"","user_url":""}],"_links":{"self":[{"href":"https:\/\/blog.douzeb.is\/index.php?rest_route=\/wp\/v2\/posts\/2964"}],"collection":[{"href":"https:\/\/blog.douzeb.is\/index.php?rest_route=\/wp\/v2\/posts"}],"about":[{"href":"https:\/\/blog.douzeb.is\/index.php?rest_route=\/wp\/v2\/types\/post"}],"author":[{"embeddable":true,"href":"https:\/\/blog.douzeb.is\/index.php?rest_route=\/wp\/v2\/users\/1"}],"replies":[{"embeddable":true,"href":"https:\/\/blog.douzeb.is\/index.php?rest_route=%2Fwp%2Fv2%2Fcomments&post=2964"}],"version-history":[{"count":48,"href":"https:\/\/blog.douzeb.is\/index.php?rest_route=\/wp\/v2\/posts\/2964\/revisions"}],"predecessor-version":[{"id":3288,"href":"https:\/\/blog.douzeb.is\/index.php?rest_route=\/wp\/v2\/posts\/2964\/revisions\/3288"}],"wp:featuredmedia":[{"embeddable":true,"href":"https:\/\/blog.douzeb.is\/index.php?rest_route=\/wp\/v2\/media\/2984"}],"wp:attachment":[{"href":"https:\/\/blog.douzeb.is\/index.php?rest_route=%2Fwp%2Fv2%2Fmedia&parent=2964"}],"wp:term":[{"taxonomy":"category","embeddable":true,"href":"https:\/\/blog.douzeb.is\/index.php?rest_route=%2Fwp%2Fv2%2Fcategories&post=2964"},{"taxonomy":"post_tag","embeddable":true,"href":"https:\/\/blog.douzeb.is\/index.php?rest_route=%2Fwp%2Fv2%2Ftags&post=2964"},{"taxonomy":"author","embeddable":true,"href":"https:\/\/blog.douzeb.is\/index.php?rest_route=%2Fwp%2Fv2%2Fppma_author&post=2964"}],"curies":[{"name":"wp","href":"https:\/\/api.w.org\/{rel}","templated":true}]}}